{"id":107846,"date":"2023-10-19T01:18:56","date_gmt":"2023-10-19T06:18:56","guid":{"rendered":"http:\/\/diariodigitalmx.com\/?p=107846"},"modified":"2023-10-19T01:19:39","modified_gmt":"2023-10-19T06:19:39","slug":"trife-niega-juicio-a-samuel-garcia-para-dejar-cargo-y-contender-por-la-presidencia-del-pais-nunca-acudio-al-congreso-local","status":"publish","type":"post","link":"https:\/\/diariodigitalmx.com\/index.php\/2023\/10\/19\/trife-niega-juicio-a-samuel-garcia-para-dejar-cargo-y-contender-por-la-presidencia-del-pais-nunca-acudio-al-congreso-local\/","title":{"rendered":"Trife niega juicio a Samuel Garc\u00eda para dejar cargo y contender por la presidencia del Pa\u00eds; nunca acudi\u00f3 al Congreso Local"},"content":{"rendered":"\n<p><br>Monterrey.- El Tribunal Electoral del Poder Judicial de la Federaci\u00f3n declar\u00f3 improcedente un juicio promovido por el Gobernador Samuel Garc\u00eda para una licencia temporal para contender por la presidencia de la Rep\u00fablica, y \u00e9l mismo designar qui\u00e9n quede al frente del gobierno de Nuevo Le\u00f3n.<\/p>\n\n\n\n<p>La improcedencia se dio entre los magistrados de la Sala Superior por 4 votos en contra y dos a favor.<\/p>\n\n\n\n<p>Samuel Garc\u00eda acudi\u00f3 al Trife cuando nunca ha solicitado la licencia al Congreso de Nuevo Le\u00f3n.<\/p>\n\n\n\n<p>&#8220;No existe acto o pronunciamiento alguno del Congreso local que generen los efectos referidos. No advierto un acto concreto actual y presente, se trata de relaciones hipot\u00e9ticas futuras&#8221;,dijo el magistrado Felipe Fuentes.<\/p>\n\n\n\n<p>&#8220;La demanda del actor es a mi juicio improcedente, no hay constancia fehaciente de que haya solicitado una licencia temporal al Congreso, no existe una posibilidad seria de afectaci\u00f3n de un derecho pol\u00edtico&#8221;, consider\u00f3 a su vez Janine Ot\u00e1lora.<\/p>\n\n\n\n<p>A\u00f1adi\u00f3 que los alegatos expuestos por el Gobernador en su Juicio de Protecci\u00f3n de Derechos Pol\u00edtico- Electorales son simples apreciaciones.<\/p>\n\n\n\n<p>El presidente del Trife, Reyes Rodr\u00edguez, tambi\u00e9n expuso que no existe un acto de negativa del Congreso local que justifique la intervenci\u00f3n del Tribunal.<\/p>\n\n\n\n<p>Samuel Garc\u00eda reci\u00e9n cumpli\u00f3 dos a\u00f1os al frente del gobierno de Nuevo Le\u00f3n y al menos un a\u00f1o y ocho meses ha mantenido un enfrentamiento con la mayor\u00eda panista y priista en el Congreso Local.<\/p>\n\n\n\n<p>Cuando recibi\u00f3 la acreditaci\u00f3n como gobernador electo, asever\u00f3, incluso respaldado por su esposa Mariana Rodr\u00edguez, que no se ir\u00eda a buscar la candidatura presidencial.<\/p>\n","protected":false},"excerpt":{"rendered":"<p>Monterrey.- El Tribunal Electoral del Poder Judicial de la Federaci\u00f3n declar\u00f3 improcedente un juicio promovido por el Gobernador Samuel Garc\u00eda para una licencia temporal para contender por la presidencia de la Rep\u00fablica, y \u00e9l mismo designar qui\u00e9n quede al frente del gobierno de Nuevo Le\u00f3n. La improcedencia se dio entre los magistrados de la Sala [&hellip;]<\/p>\n","protected":false},"author":1,"featured_media":107848,"comment_status":"open","ping_status":"open","sticky":true,"template":"","format":"standard","meta":{"footnotes":""},"categories":[2,3],"tags":[],"_links":{"self":[{"href":"https:\/\/diariodigitalmx.com\/index.php\/wp-json\/wp\/v2\/posts\/107846"}],"collection":[{"href":"https:\/\/diariodigitalmx.com\/index.php\/wp-json\/wp\/v2\/posts"}],"about":[{"href":"https:\/\/diariodigitalmx.com\/index.php\/wp-json\/wp\/v2\/types\/post"}],"author":[{"embeddable":true,"href":"https:\/\/diariodigitalmx.com\/index.php\/wp-json\/wp\/v2\/users\/1"}],"replies":[{"embeddable":true,"href":"https:\/\/diariodigitalmx.com\/index.php\/wp-json\/wp\/v2\/comments?post=107846"}],"version-history":[{"count":1,"href":"https:\/\/diariodigitalmx.com\/index.php\/wp-json\/wp\/v2\/posts\/107846\/revisions"}],"predecessor-version":[{"id":107847,"href":"https:\/\/diariodigitalmx.com\/index.php\/wp-json\/wp\/v2\/posts\/107846\/revisions\/107847"}],"wp:featuredmedia":[{"embeddable":true,"href":"https:\/\/diariodigitalmx.com\/index.php\/wp-json\/wp\/v2\/media\/107848"}],"wp:attachment":[{"href":"https:\/\/diariodigitalmx.com\/index.php\/wp-json\/wp\/v2\/media?parent=107846"}],"wp:term":[{"taxonomy":"category","embeddable":true,"href":"https:\/\/diariodigitalmx.com\/index.php\/wp-json\/wp\/v2\/categories?post=107846"},{"taxonomy":"post_tag","embeddable":true,"href":"https:\/\/diariodigitalmx.com\/index.php\/wp-json\/wp\/v2\/tags?post=107846"}],"curies":[{"name":"wp","href":"https:\/\/api.w.org\/{rel}","templated":true}]}}