{"id":107854,"date":"2023-10-19T09:36:34","date_gmt":"2023-10-19T14:36:34","guid":{"rendered":"http:\/\/diariodigitalmx.com\/?p=107854"},"modified":"2023-10-19T09:37:18","modified_gmt":"2023-10-19T14:37:18","slug":"que-esta-pasando-en-movimiento-ciudadano","status":"publish","type":"post","link":"https:\/\/diariodigitalmx.com\/index.php\/2023\/10\/19\/que-esta-pasando-en-movimiento-ciudadano\/","title":{"rendered":"\u00bfQu\u00e9 est\u00e1 pasando en Movimiento Ciudadano?"},"content":{"rendered":"\n<p><br>Ra\u00fal Guajardo Cant\u00fa<br>El Partido Movimiento Ciudadano aspira a constituirse en el fiel de la balanza del pr\u00f3ximo sexenio, no a llegar a la presidencia, para ello consideran los naranjas que les faltar\u00edan otros 6 a\u00f1os m\u00e1s, por ello habr\u00eda que preguntarse \u00bfQu\u00e9 est\u00e1 pasando en MC?<br>Como en todo partido, MC tiene grupos de inter\u00e9s en su interior, grupos que hacen acuerdos entre s\u00ed, cambian de opini\u00f3n y hacen otros acuerdos, por ejemplo, durante un buen tiempo se habl\u00f3 del eje Jalisco-Nuevo Le\u00f3n, ya que estos dos estados, muy importantes por lo dem\u00e1s en el \u00e1mbito nacional, son gobernados actualmente por ese partido.<br>De alguna forma Enrique Alfaro y Samuel Garc\u00eda se constitu\u00edan en figuras importantes de los naranjas precisamente por gobernar estos estados y establecieron entre ellos una especie de pacto para apoyarse en situaciones diversas de \u00edndole pol\u00edtico.<br>En alg\u00fan momento se pens\u00f3 que alguno de ellos podr\u00eda ser el candidato de MC a la presidencia, sin embargo Alfaro se baj\u00f3 de la contienda y abri\u00f3 primero la puerta a una alianza llevando como abanderada a X\u00f3chitl G\u00e1lvez, posteriormente apoy\u00f3 a Samuel y ahora le hace un gui\u00f1o a Marcelo Ebrard.<br>Alfaro tambi\u00e9n se lanz\u00f3 fuerte contra el l\u00edder nacional del partido naranja y asegur\u00f3 que \u00e9l no ser\u00eda reh\u00e9n de un \u201cbur\u00f3crata de partido\u201d. Estos cambio quiz\u00e1 puedan ser explicados por las particularidades del entorno naranja en Jalisco, en el cual al gobernador jalisciense le conviene ir en coalici\u00f3n con el llamado PRIAN para as\u00ed poder conservar la gubernatura ente los embates de Morena en la entidad.<br>Samuel por su parte no quiere ver ni en pintura al PRIAN debido a que ha tenido serios encontronazos con dichos partidos y los culpa por no poder dar rienda suelta a sus aspiraciones presidenciales, de ah\u00ed que primero se opuso a lo dicho por Alfaro en favor de X\u00f3chitl y ha insistido en que el candidato de MC debe ser un \u201cnativo\u201d del partido naranja, obviamente intentando cerrar la puerta a Ebrard.<br>Por su parte, Dante ha coqueteado con la idea de que \u00e9l quiere ser candidato presidencial, a sabiendas de que no es un pol\u00edtico popular, sino un muy buen pol\u00edtico \u201cen corto\u201d, es decir, de los que saben llevar a cabo las negociaciones que constituyen el quid de la pol\u00edtica.<br>Movimiento Ciudadano deber\u00e1 solucionar sus diferencias internas si quiere de verdad convertirse en el fiel de la balanza por la v\u00eda de tener un grupo m\u00e1s o menos numeroso de legisladores en ambas C\u00e1maras, en caso contrario lo m\u00e1s probable ser\u00e1 que se enfrente a un panorama en el cual su desaparici\u00f3n no se vea tan lejana.<\/p>\n","protected":false},"excerpt":{"rendered":"<p>Ra\u00fal Guajardo Cant\u00faEl Partido Movimiento Ciudadano aspira a constituirse en el fiel de la balanza del pr\u00f3ximo sexenio, no a llegar a la presidencia, para ello consideran los naranjas que les faltar\u00edan otros 6 a\u00f1os m\u00e1s, por ello habr\u00eda que preguntarse \u00bfQu\u00e9 est\u00e1 pasando en MC?Como en todo partido, MC tiene grupos de inter\u00e9s en [&hellip;]<\/p>\n","protected":false},"author":1,"featured_media":107856,"comment_status":"open","ping_status":"open","sticky":true,"template":"","format":"standard","meta":{"footnotes":""},"categories":[12,5],"tags":[],"_links":{"self":[{"href":"https:\/\/diariodigitalmx.com\/index.php\/wp-json\/wp\/v2\/posts\/107854"}],"collection":[{"href":"https:\/\/diariodigitalmx.com\/index.php\/wp-json\/wp\/v2\/posts"}],"about":[{"href":"https:\/\/diariodigitalmx.com\/index.php\/wp-json\/wp\/v2\/types\/post"}],"author":[{"embeddable":true,"href":"https:\/\/diariodigitalmx.com\/index.php\/wp-json\/wp\/v2\/users\/1"}],"replies":[{"embeddable":true,"href":"https:\/\/diariodigitalmx.com\/index.php\/wp-json\/wp\/v2\/comments?post=107854"}],"version-history":[{"count":1,"href":"https:\/\/diariodigitalmx.com\/index.php\/wp-json\/wp\/v2\/posts\/107854\/revisions"}],"predecessor-version":[{"id":107855,"href":"https:\/\/diariodigitalmx.com\/index.php\/wp-json\/wp\/v2\/posts\/107854\/revisions\/107855"}],"wp:featuredmedia":[{"embeddable":true,"href":"https:\/\/diariodigitalmx.com\/index.php\/wp-json\/wp\/v2\/media\/107856"}],"wp:attachment":[{"href":"https:\/\/diariodigitalmx.com\/index.php\/wp-json\/wp\/v2\/media?parent=107854"}],"wp:term":[{"taxonomy":"category","embeddable":true,"href":"https:\/\/diariodigitalmx.com\/index.php\/wp-json\/wp\/v2\/categories?post=107854"},{"taxonomy":"post_tag","embeddable":true,"href":"https:\/\/diariodigitalmx.com\/index.php\/wp-json\/wp\/v2\/tags?post=107854"}],"curies":[{"name":"wp","href":"https:\/\/api.w.org\/{rel}","templated":true}]}}