{"id":107879,"date":"2023-10-19T21:13:44","date_gmt":"2023-10-20T02:13:44","guid":{"rendered":"http:\/\/diariodigitalmx.com\/?p=107879"},"modified":"2023-10-19T21:17:39","modified_gmt":"2023-10-20T02:17:39","slug":"inician-rehabilitacion-del-centro-comunitario-para-la-mujer-en-sabinas-hidalgo","status":"publish","type":"post","link":"https:\/\/diariodigitalmx.com\/index.php\/2023\/10\/19\/inician-rehabilitacion-del-centro-comunitario-para-la-mujer-en-sabinas-hidalgo\/","title":{"rendered":"Inician rehabilitaci\u00f3n del Centro Comunitario para la Mujer en Sabinas Hidalgo"},"content":{"rendered":"\n<figure class=\"wp-block-image size-large\"><img loading=\"lazy\" decoding=\"async\" width=\"1024\" height=\"683\" src=\"http:\/\/diariodigitalmx.com\/wp-content\/uploads\/2023\/10\/image00005-3-1024x683.jpeg\" alt=\"\" class=\"wp-image-107883\" srcset=\"https:\/\/diariodigitalmx.com\/wp-content\/uploads\/2023\/10\/image00005-3-1024x683.jpeg 1024w, https:\/\/diariodigitalmx.com\/wp-content\/uploads\/2023\/10\/image00005-3-300x200.jpeg 300w, https:\/\/diariodigitalmx.com\/wp-content\/uploads\/2023\/10\/image00005-3-768x512.jpeg 768w, https:\/\/diariodigitalmx.com\/wp-content\/uploads\/2023\/10\/image00005-3-1536x1024.jpeg 1536w, https:\/\/diariodigitalmx.com\/wp-content\/uploads\/2023\/10\/image00005-3-2048x1365.jpeg 2048w\" sizes=\"(max-width: 1024px) 100vw, 1024px\" \/><\/figure>\n\n\n\n<p>SABINAS HIDALGO, NL.- La Secretar\u00eda de Igualdad e Inclusi\u00f3n inici\u00f3 los trabajos de la rehabilitaci\u00f3n de lo que ser\u00e1 el primer Centro de Desarrollo Comunitario para la Mujer, ubicado en el municipio de Sabinas Hidalgo.<\/p>\n\n\n\n<p>Este espacio, explic\u00f3 la secretaria Martha Herrera, promover\u00e1 la integraci\u00f3n social de las mujeres, el fortalecimiento de sus redes, as\u00ed como habilidades psicosociales para mejorar su calidad de vida.<\/p>\n\n\n\n<figure class=\"wp-block-image size-large\"><img loading=\"lazy\" decoding=\"async\" width=\"1024\" height=\"683\" src=\"http:\/\/diariodigitalmx.com\/wp-content\/uploads\/2023\/10\/image00002-4-1024x683.jpeg\" alt=\"\" class=\"wp-image-107884\" srcset=\"https:\/\/diariodigitalmx.com\/wp-content\/uploads\/2023\/10\/image00002-4-1024x683.jpeg 1024w, https:\/\/diariodigitalmx.com\/wp-content\/uploads\/2023\/10\/image00002-4-300x200.jpeg 300w, https:\/\/diariodigitalmx.com\/wp-content\/uploads\/2023\/10\/image00002-4-768x512.jpeg 768w, https:\/\/diariodigitalmx.com\/wp-content\/uploads\/2023\/10\/image00002-4-1536x1024.jpeg 1536w, https:\/\/diariodigitalmx.com\/wp-content\/uploads\/2023\/10\/image00002-4-2048x1365.jpeg 2048w\" sizes=\"(max-width: 1024px) 100vw, 1024px\" \/><\/figure>\n\n\n\n<p>\u201cEste ser\u00e1 el primer centro comunitario dirigido a la mujer en el estado de Nuevo Le\u00f3n. En este Centro vamos a tener un acompa\u00f1amiento muy puntual a todas las mujeres, adolescentes, ni\u00f1as y ni\u00f1os desde lo m\u00e1s b\u00e1sico que es la autoestima, el autocuidado, a pasar por temas de salud, educaci\u00f3n, empleabilidad y de emprendimiento\u201d, detall\u00f3 la funcionaria estatal.<\/p>\n\n\n\n<p>Esta obra, que estar\u00e1 a cargo de la Secretar\u00eda de Movilidad y Planeaci\u00f3n Urbana, a cargo de Hern\u00e1n Villareal Rodr\u00edguez, tendr\u00e1 una inversi\u00f3n de 3 millones 465 mil pesos, provenientes del Fondo de Infraestructura Social para las Entidades (FISE), y permitir\u00e1 rehabilitar un predio de 1,258.38 metros cuadrados que cuenta con 155 metros cuadrados de construcci\u00f3n.<\/p>\n\n\n\n<figure class=\"wp-block-image size-large\"><img loading=\"lazy\" decoding=\"async\" width=\"1024\" height=\"683\" src=\"http:\/\/diariodigitalmx.com\/wp-content\/uploads\/2023\/10\/image00004-4-1024x683.jpeg\" alt=\"\" class=\"wp-image-107887\" srcset=\"https:\/\/diariodigitalmx.com\/wp-content\/uploads\/2023\/10\/image00004-4-1024x683.jpeg 1024w, https:\/\/diariodigitalmx.com\/wp-content\/uploads\/2023\/10\/image00004-4-300x200.jpeg 300w, https:\/\/diariodigitalmx.com\/wp-content\/uploads\/2023\/10\/image00004-4-768x512.jpeg 768w, https:\/\/diariodigitalmx.com\/wp-content\/uploads\/2023\/10\/image00004-4-1536x1024.jpeg 1536w, https:\/\/diariodigitalmx.com\/wp-content\/uploads\/2023\/10\/image00004-4-2048x1365.jpeg 2048w\" sizes=\"(max-width: 1024px) 100vw, 1024px\" \/><\/figure>\n\n\n\n<p>Ubicado en la colonia Mar\u00eda Luisa, el nuevo centro contar\u00e1 con sal\u00f3n de capacitaciones, estancia infantil, consultorio psicol\u00f3gico, \u00e1rea de juegos y recepci\u00f3n.<\/p>\n\n\n\n<p>Como parte de esta gira, la Secretar\u00eda de Igualdad e Inclusi\u00f3n instal\u00f3 una Estaci\u00f3n de Servicio P\u00fablico que permiti\u00f3 acercar a la poblaci\u00f3n los programas, actividades y servicios de distintas dependencias y organizaciones.<br>\u201cHemos podido apoyar en todas las diferentes alianzas que hemos tenido con el municipio a 15 mil personas con programas de Hambre Cero, Jefas de Familia, Cuidadoras, adem\u00e1s hemos atendido a familias en temas de vivienda y electrificaci\u00f3n\u201d, puntualiz\u00f3 Herrera.<\/p>\n\n\n\n<figure class=\"wp-block-image size-large\"><img loading=\"lazy\" decoding=\"async\" width=\"1024\" height=\"683\" src=\"http:\/\/diariodigitalmx.com\/wp-content\/uploads\/2023\/10\/image00003-3-1024x683.jpeg\" alt=\"\" class=\"wp-image-107890\" srcset=\"https:\/\/diariodigitalmx.com\/wp-content\/uploads\/2023\/10\/image00003-3-1024x683.jpeg 1024w, https:\/\/diariodigitalmx.com\/wp-content\/uploads\/2023\/10\/image00003-3-300x200.jpeg 300w, https:\/\/diariodigitalmx.com\/wp-content\/uploads\/2023\/10\/image00003-3-768x512.jpeg 768w, https:\/\/diariodigitalmx.com\/wp-content\/uploads\/2023\/10\/image00003-3-1536x1024.jpeg 1536w, https:\/\/diariodigitalmx.com\/wp-content\/uploads\/2023\/10\/image00003-3-2048x1365.jpeg 2048w\" sizes=\"(max-width: 1024px) 100vw, 1024px\" \/><\/figure>\n\n\n\n<p>Para este 2023, se han destinado m\u00e1s de 152 millones de pesos del FISE para beneficio de m\u00e1s de 145 mil personas mediante obras de urbanizaci\u00f3n como la construcci\u00f3n de un camino peatonal en Monterrey, 6 centros comunitarios, comedores comunitarios para adultos mayores, un comedor que atender\u00e1 a familiares de ni\u00f1os con c\u00e1ncer, y mejoras en la calidad y espacios de la vivienda a trav\u00e9s de la construcci\u00f3n de cuartos dormitorio.<\/p>\n","protected":false},"excerpt":{"rendered":"<p>SABINAS HIDALGO, NL.- La Secretar\u00eda de Igualdad e Inclusi\u00f3n inici\u00f3 los trabajos de la rehabilitaci\u00f3n de lo que ser\u00e1 el primer Centro de Desarrollo Comunitario para la Mujer, ubicado en el municipio de Sabinas Hidalgo. Este espacio, explic\u00f3 la secretaria Martha Herrera, promover\u00e1 la integraci\u00f3n social de las mujeres, el fortalecimiento de sus redes, as\u00ed [&hellip;]<\/p>\n","protected":false},"author":1,"featured_media":107881,"comment_status":"open","ping_status":"open","sticky":true,"template":"","format":"standard","meta":{"footnotes":""},"categories":[6,5],"tags":[],"_links":{"self":[{"href":"https:\/\/diariodigitalmx.com\/index.php\/wp-json\/wp\/v2\/posts\/107879"}],"collection":[{"href":"https:\/\/diariodigitalmx.com\/index.php\/wp-json\/wp\/v2\/posts"}],"about":[{"href":"https:\/\/diariodigitalmx.com\/index.php\/wp-json\/wp\/v2\/types\/post"}],"author":[{"embeddable":true,"href":"https:\/\/diariodigitalmx.com\/index.php\/wp-json\/wp\/v2\/users\/1"}],"replies":[{"embeddable":true,"href":"https:\/\/diariodigitalmx.com\/index.php\/wp-json\/wp\/v2\/comments?post=107879"}],"version-history":[{"count":5,"href":"https:\/\/diariodigitalmx.com\/index.php\/wp-json\/wp\/v2\/posts\/107879\/revisions"}],"predecessor-version":[{"id":107891,"href":"https:\/\/diariodigitalmx.com\/index.php\/wp-json\/wp\/v2\/posts\/107879\/revisions\/107891"}],"wp:featuredmedia":[{"embeddable":true,"href":"https:\/\/diariodigitalmx.com\/index.php\/wp-json\/wp\/v2\/media\/107881"}],"wp:attachment":[{"href":"https:\/\/diariodigitalmx.com\/index.php\/wp-json\/wp\/v2\/media?parent=107879"}],"wp:term":[{"taxonomy":"category","embeddable":true,"href":"https:\/\/diariodigitalmx.com\/index.php\/wp-json\/wp\/v2\/categories?post=107879"},{"taxonomy":"post_tag","embeddable":true,"href":"https:\/\/diariodigitalmx.com\/index.php\/wp-json\/wp\/v2\/tags?post=107879"}],"curies":[{"name":"wp","href":"https:\/\/api.w.org\/{rel}","templated":true}]}}