{"id":107900,"date":"2023-10-19T23:29:27","date_gmt":"2023-10-20T04:29:27","guid":{"rendered":"http:\/\/diariodigitalmx.com\/?p=107900"},"modified":"2023-10-19T23:30:05","modified_gmt":"2023-10-20T04:30:05","slug":"ya-estan-en-televisa","status":"publish","type":"post","link":"https:\/\/diariodigitalmx.com\/index.php\/2023\/10\/19\/ya-estan-en-televisa\/","title":{"rendered":"Ya est\u00e1n en Televisa"},"content":{"rendered":"\n<p>Televisa hizo oficial la llegada a TUDN de los periodistas David Faitelson y Andr\u00e9 Mar\u00edn.<\/p>\n\n\n\n<p>\u201c\u00a1David Faitelson y Andr\u00e9 Mar\u00edn llegar\u00e1n para ser parte de la nueva oferta de contenidos de TUDN para este 2024, de cara a los Juegos Ol\u00edmpicos!\u201d, se lee en X.<\/p>\n\n\n\n<p>\u201cLos dos referentes de la industria deportiva estar\u00e1n en el d\u00eda a d\u00eda en tu pantalla para reforzar al equipo de TUDN y TelevisaUnivision\u201c, abunda.<\/p>\n\n\n\n<p>La llegada de ambos era un secreto a voces desde hace tiempo, tras la participaci\u00f3n de los dos periodistas en Tercer Grado Deportivo, donde ya se especulaba que podr\u00edan llegar a la televisora que durante a\u00f1os criticaron desde las filas de Televisi\u00f3n Azteca y bajo el mando de Jos\u00e9 Ram\u00f3n Fern\u00e1ndez.<\/p>\n\n\n\n<p>Se despidieron de sus ahora ex empresas, pero David Faitelson que dej\u00f3 ESPN pens\u00f3 que Jos\u00e9 Ram\u00f3n Fern\u00e1ndez se emocionar\u00eda m\u00e1s con la salida de quien fuera su compa\u00f1ero por varios lustros.<\/p>\n\n\n\n<p>\u201cDespu\u00e9s de m\u00e1s de 30 a\u00f1os en los que hemos convivido juntos, donde yo le he agradecido infinitamente por todo lo que hizo por m\u00ed, desgraciadamente el lunes en el estudio yo lo sent\u00ed muy fr\u00edo. La verdad esperaba un poco m\u00e1s de efusividad de \u00e9l\u201d.<\/p>\n","protected":false},"excerpt":{"rendered":"<p>Televisa hizo oficial la llegada a TUDN de los periodistas David Faitelson y Andr\u00e9 Mar\u00edn. \u201c\u00a1David Faitelson y Andr\u00e9 Mar\u00edn llegar\u00e1n para ser parte de la nueva oferta de contenidos de TUDN para este 2024, de cara a los Juegos Ol\u00edmpicos!\u201d, se lee en X. \u201cLos dos referentes de la industria deportiva estar\u00e1n en el [&hellip;]<\/p>\n","protected":false},"author":1,"featured_media":107902,"comment_status":"open","ping_status":"open","sticky":true,"template":"","format":"standard","meta":{"footnotes":""},"categories":[8,3],"tags":[],"_links":{"self":[{"href":"https:\/\/diariodigitalmx.com\/index.php\/wp-json\/wp\/v2\/posts\/107900"}],"collection":[{"href":"https:\/\/diariodigitalmx.com\/index.php\/wp-json\/wp\/v2\/posts"}],"about":[{"href":"https:\/\/diariodigitalmx.com\/index.php\/wp-json\/wp\/v2\/types\/post"}],"author":[{"embeddable":true,"href":"https:\/\/diariodigitalmx.com\/index.php\/wp-json\/wp\/v2\/users\/1"}],"replies":[{"embeddable":true,"href":"https:\/\/diariodigitalmx.com\/index.php\/wp-json\/wp\/v2\/comments?post=107900"}],"version-history":[{"count":1,"href":"https:\/\/diariodigitalmx.com\/index.php\/wp-json\/wp\/v2\/posts\/107900\/revisions"}],"predecessor-version":[{"id":107901,"href":"https:\/\/diariodigitalmx.com\/index.php\/wp-json\/wp\/v2\/posts\/107900\/revisions\/107901"}],"wp:featuredmedia":[{"embeddable":true,"href":"https:\/\/diariodigitalmx.com\/index.php\/wp-json\/wp\/v2\/media\/107902"}],"wp:attachment":[{"href":"https:\/\/diariodigitalmx.com\/index.php\/wp-json\/wp\/v2\/media?parent=107900"}],"wp:term":[{"taxonomy":"category","embeddable":true,"href":"https:\/\/diariodigitalmx.com\/index.php\/wp-json\/wp\/v2\/categories?post=107900"},{"taxonomy":"post_tag","embeddable":true,"href":"https:\/\/diariodigitalmx.com\/index.php\/wp-json\/wp\/v2\/tags?post=107900"}],"curies":[{"name":"wp","href":"https:\/\/api.w.org\/{rel}","templated":true}]}}