{"id":107912,"date":"2023-10-20T01:17:04","date_gmt":"2023-10-20T06:17:04","guid":{"rendered":"http:\/\/diariodigitalmx.com\/?p=107912"},"modified":"2023-10-20T01:17:44","modified_gmt":"2023-10-20T06:17:44","slug":"una-mirada-al-poder-legislativo","status":"publish","type":"post","link":"https:\/\/diariodigitalmx.com\/index.php\/2023\/10\/20\/una-mirada-al-poder-legislativo\/","title":{"rendered":"Una mirada al poder legislativo"},"content":{"rendered":"\n<p><br>Por \u00d3scar Tamez Rodr\u00edguez<\/p>\n\n\n\n<p>El poder legislativo representa al soberano, es quien asume la voz del pueblo. Su existencia s\u00f3lo puede entenderse en estados republicanos pues es donde existe la divisi\u00f3n de poderes y los gobiernos sometidos a una Constituci\u00f3n.<br>El poder legislativo en M\u00e9xico se materializa en la figura de los diputados y senadores en la federaci\u00f3n, en diputados en las entidades y en regidores y s\u00edndicos en los municipios.<br>Es en el poder legislativo donde se vive la democracia representativa y de representaci\u00f3n proporcional. Esto significa que la democracia se reconoce plural, diversa y pluripartidista por lo que abandona la democracia de mayor\u00edas para ser una incluyente con las minor\u00edas.<br>Actualmente existen 500 diputados y 128 senadores. De los diputados, 300 son electos por la figura de mayor\u00edas (aunque deber\u00edan llamarse frecuentemente de primera minor\u00eda pues obtiene m\u00e1s votos el abstencionismo); otros 200 diputados son electos por la RP. Surgen de una lista predefinida por los partidos pol\u00edticos, en ella se acomodan a los compromisos y no necesariamente a los mejores legisladores.<br>El Senado tiene 3 formas de elecci\u00f3n a sus legisladores; en este caso, son representantes de la naci\u00f3n. En el senado hay 64 senadores electos por primera minor\u00eda: una f\u00f3rmula de dos que gana la elecci\u00f3n. Otros 32 surgen de la RP de primera minor\u00eda: el equipo que queda en segundo lugar en el estado donde compite. Los siguientes 32 surgen de la RP mediante listas de inscritos por circunscripciones en el pa\u00eds: se divide al pa\u00eds en zonas y en ellas se inscriben listas de candidatos mediante listas de partidos.<br>La funci\u00f3n del poder legislativo\u2026 \u00a1Bueno! Adem\u00e1s que algunos se comportan como corifeos, aduladores, secuaces, c\u00f3mplices y serviles del poder ejecutivo en turno cuando son del partido en gobierno; tienen la tarea de aprobar, reformar, modificar, enmendar o emitir leyes derivadas de la Constituci\u00f3n, tambi\u00e9n aprueban cada a\u00f1o los presupuestos de ingresos y egresos.<br>Lamentablemente su funci\u00f3n se asocia a incompetencia, negligencia, incapacidad, corrupci\u00f3n, chapulineo y otros vicios del sistema pol\u00edtico, son servidores p\u00fablicos mal calificados, por ello la sociedad pide con recurrencia, que se eliminen o disminuyan en n\u00famero pues siguen l\u00ednea de sus l\u00edderes y partidos y votan siguiendo al cencerro.<br>Casos de lo dicho son muchos. Usted amable lector decida los casos donde encuentre la actitud descrita, aunque puede disentir y se\u00f1alarme de exagerado y cr\u00edtico excesivo de los comprometidos, entregados y leales legisladores.<br>Un ant\u00eddoto a la crisis en el poder legislativo es el surgimiento de la sociedad civil organizada donde se transita a la democracia semidirecta, participativa o incluyente en la cual los mecanismos como el refer\u00e9ndum y consulta ciudadana, entre otros, han transformado nuestra democracia de representativa a semidirecta.<br>Es un error pedir que se disminuyan los diputados y senadores, en su caso exijamos que haya m\u00e1s con menor costo al erario y con mayores candados para que cumplan su responsabilidad.<br>No es disminuyendo la representaci\u00f3n popular del soberano como se resuelve la impericia del poder legislativo; ellos son nuestra representaci\u00f3n, urge obligarlos a rendir cuentas a sus jefes: el soberano.<br>Vivimos m\u00faltiples dudas sobre la funci\u00f3n legislativa: \u00bfDebemos reducirlos, exigir ciertos perfiles profesionales para la funci\u00f3n, postular candidatos a legisladores ajenos a los partidos pol\u00edticos?<br>Muchos son los debates, pero\u2026 \u00a1Uno solo como Belisario Dom\u00ednguez, bien vale la pena aguantar al resto!<\/p>\n","protected":false},"excerpt":{"rendered":"<p>Por \u00d3scar Tamez Rodr\u00edguez El poder legislativo representa al soberano, es quien asume la voz del pueblo. Su existencia s\u00f3lo puede entenderse en estados republicanos pues es donde existe la divisi\u00f3n de poderes y los gobiernos sometidos a una Constituci\u00f3n.El poder legislativo en M\u00e9xico se materializa en la figura de los diputados y senadores en [&hellip;]<\/p>\n","protected":false},"author":1,"featured_media":107914,"comment_status":"open","ping_status":"open","sticky":true,"template":"","format":"standard","meta":{"footnotes":""},"categories":[14,12],"tags":[],"_links":{"self":[{"href":"https:\/\/diariodigitalmx.com\/index.php\/wp-json\/wp\/v2\/posts\/107912"}],"collection":[{"href":"https:\/\/diariodigitalmx.com\/index.php\/wp-json\/wp\/v2\/posts"}],"about":[{"href":"https:\/\/diariodigitalmx.com\/index.php\/wp-json\/wp\/v2\/types\/post"}],"author":[{"embeddable":true,"href":"https:\/\/diariodigitalmx.com\/index.php\/wp-json\/wp\/v2\/users\/1"}],"replies":[{"embeddable":true,"href":"https:\/\/diariodigitalmx.com\/index.php\/wp-json\/wp\/v2\/comments?post=107912"}],"version-history":[{"count":1,"href":"https:\/\/diariodigitalmx.com\/index.php\/wp-json\/wp\/v2\/posts\/107912\/revisions"}],"predecessor-version":[{"id":107913,"href":"https:\/\/diariodigitalmx.com\/index.php\/wp-json\/wp\/v2\/posts\/107912\/revisions\/107913"}],"wp:featuredmedia":[{"embeddable":true,"href":"https:\/\/diariodigitalmx.com\/index.php\/wp-json\/wp\/v2\/media\/107914"}],"wp:attachment":[{"href":"https:\/\/diariodigitalmx.com\/index.php\/wp-json\/wp\/v2\/media?parent=107912"}],"wp:term":[{"taxonomy":"category","embeddable":true,"href":"https:\/\/diariodigitalmx.com\/index.php\/wp-json\/wp\/v2\/categories?post=107912"},{"taxonomy":"post_tag","embeddable":true,"href":"https:\/\/diariodigitalmx.com\/index.php\/wp-json\/wp\/v2\/tags?post=107912"}],"curies":[{"name":"wp","href":"https:\/\/api.w.org\/{rel}","templated":true}]}}