{"id":107915,"date":"2023-10-20T01:26:23","date_gmt":"2023-10-20T06:26:23","guid":{"rendered":"http:\/\/diariodigitalmx.com\/?p=107915"},"modified":"2023-10-20T01:26:58","modified_gmt":"2023-10-20T06:26:58","slug":"como-vulgar-cacique","status":"publish","type":"post","link":"https:\/\/diariodigitalmx.com\/index.php\/2023\/10\/20\/como-vulgar-cacique\/","title":{"rendered":"Como vulgar cacique\u2026"},"content":{"rendered":"\n<p><br>Cosas del Tony<br>Por Antonio S\u00e1nchez R.<br>De unos a\u00f1os para ac\u00e1, la figura del \u201ccacique\u201d se hab\u00eda venido difuminando de manera gradual, a tal grado de que ya es muy raro que alguien pudiera percibir la existencia de alg\u00fan personaje que se ajuste a tal papel. Son otros tiempos y la verdad, no hay cabida para este tipo de gente.<br>Los \u201ccaciques\u201d no siempre fueron gente mala, por supuesto que no. En muchos casos se trataba de gente muy respetada, con un alto grado de influencia entre la gente y que destacaba de entre todos por las buenas decisiones que sol\u00eda tomar y que por lo regular llevaban un beneficio colectivo.<br>Pero desafortunadamente, los malos \u201ccaciques\u201d, aquellos que ve\u00edan m\u00e1s por sus propios intereses que por los de la comunidad, los que abusaban de su poder y riqueza aplicando la m\u00e1xima de que \u201cnom\u00e1s mis chicharrones truenan\u201d, fueron los que le dieron esa oscura fama al \u201ccacique\u201d.<br>Hace unos d\u00edas, nuestro imberbe FosfoGober tuvo un exabrupto que nos hizo recordar a esos malos \u201ccaciques\u201d, a los de la pol\u00edtica \u201cchicharronera\u201d, a esos que sol\u00edan conseguir sus objetivos a la \u201cmalague\u00f1a\u201d, por la fuerza e, incluso, utilizando la violencia.<br>Decir que el \u201cPrian\u201d se ir\u00e1 \u201ca la chingada\u201d de Nuevo Le\u00f3n suena a amenaza abierta y descarada, nacida del fracaso permanente en sus intentos por manejar los hilos del congreso local, para as\u00ed conseguir que todas \u201csus\u201d iniciativas y caprichos sean aprobados sin problemas.<br>Y es que pese a todos los recursos econ\u00f3micos aplicados para \u201cconvencer\u201d algunos legisladores locales de que abandonen las filas de sus partidos y se sumen a las de Movimiento Ciudadano, hasta ahora no ha podido hacerse de una \u201cmayor\u00eda\u201d que le permita conseguir sus objetivos.<br>Desde aquellos tiempos en que por la v\u00eda plurinominal lleg\u00f3 al congreso local, nuestro ahora mandatario ya daba visos de que su principal arma para avanzar era su lengua. Hablar, hablar y hablar has ido su divisa preferida y en ese hablar sin parar, no repara en que de repente sele \u201cvan las cabras p\u2019al monte.<br>Luego vino su etapa como senador, en la que se avent\u00f3 la puntada de que se quitar\u00eda el nombre si no consegu\u00eda que Jaime Rodr\u00edguez Calder\u00f3n, el \u201cBronco\u201d, renunciara a la gubernatura. Bueno, ya todos sabemos que Jaime Heliodoro no renunci\u00f3, termin\u00f3 su sexenio y aunque tras su salida fue acusado de varios delitos y puesto tras las rejas, finalmente sali\u00f3 libre, dejando en rid\u00edculo a sus acusadores, espec\u00edficamente al Gober en turno.<br>En esa misma etapa de senador, nuestro insigne personaje dijo que \u00e9l les ense\u00f1ar\u00eda \u201ca gobernar\u201d, cuando su funci\u00f3n era legislar y no gobernar, pero ya puesto en el camino de la gubernatura, prometi\u00f3 \u201cechar a la vieja pol\u00edtica\u201d para entrar a una \u201cnueva pol\u00edtica\u201d, lo cual no se ha visto por ning\u00fan lado, pues sus estrategias est\u00e1n basadas en lo mismo de siempre, esto es, la \u201cvieja pol\u00edtica\u201d sigue estando m\u00e1s que vigente.<br>Las promesas se han sucedido una tras otra, casi tan frecuentes como sus viajes al extranjero, viajes que la mera verdad no han servido m\u00e1s que para llevar de paseo a su familia y amigos m\u00e1s cercanos. Han sido los peores a\u00f1os de Nuevo Le\u00f3n, \u201caderezados\u201d con una crisis del agua que no se ve para cuando se vaya a terminar.<br>Y ahora, embistiendo como vulgar \u201ccacique\u201d, promete terminar con la oposici\u00f3n que representan al PAN y el PRI, al menos en el congreso, siendo para \u00e9l una piedra demasiado molesta en sus zapatos. Como no queriendo, el FosfoGober vuelve a abrazarse de la \u201cvieja pol\u00edtica\u201d, pues pretende tomar tooodo el poder, para que, como aquellos viejos \u201ccaciques\u201d, lograr que \u201cNom\u00e1s sus chicharrones truenen\u201d. \u00bfQu\u00e9 tal?<\/p>\n","protected":false},"excerpt":{"rendered":"<p>Cosas del TonyPor Antonio S\u00e1nchez R.De unos a\u00f1os para ac\u00e1, la figura del \u201ccacique\u201d se hab\u00eda venido difuminando de manera gradual, a tal grado de que ya es muy raro que alguien pudiera percibir la existencia de alg\u00fan personaje que se ajuste a tal papel. Son otros tiempos y la verdad, no hay cabida para [&hellip;]<\/p>\n","protected":false},"author":1,"featured_media":107917,"comment_status":"open","ping_status":"open","sticky":true,"template":"","format":"standard","meta":{"footnotes":""},"categories":[12,5],"tags":[],"_links":{"self":[{"href":"https:\/\/diariodigitalmx.com\/index.php\/wp-json\/wp\/v2\/posts\/107915"}],"collection":[{"href":"https:\/\/diariodigitalmx.com\/index.php\/wp-json\/wp\/v2\/posts"}],"about":[{"href":"https:\/\/diariodigitalmx.com\/index.php\/wp-json\/wp\/v2\/types\/post"}],"author":[{"embeddable":true,"href":"https:\/\/diariodigitalmx.com\/index.php\/wp-json\/wp\/v2\/users\/1"}],"replies":[{"embeddable":true,"href":"https:\/\/diariodigitalmx.com\/index.php\/wp-json\/wp\/v2\/comments?post=107915"}],"version-history":[{"count":1,"href":"https:\/\/diariodigitalmx.com\/index.php\/wp-json\/wp\/v2\/posts\/107915\/revisions"}],"predecessor-version":[{"id":107916,"href":"https:\/\/diariodigitalmx.com\/index.php\/wp-json\/wp\/v2\/posts\/107915\/revisions\/107916"}],"wp:featuredmedia":[{"embeddable":true,"href":"https:\/\/diariodigitalmx.com\/index.php\/wp-json\/wp\/v2\/media\/107917"}],"wp:attachment":[{"href":"https:\/\/diariodigitalmx.com\/index.php\/wp-json\/wp\/v2\/media?parent=107915"}],"wp:term":[{"taxonomy":"category","embeddable":true,"href":"https:\/\/diariodigitalmx.com\/index.php\/wp-json\/wp\/v2\/categories?post=107915"},{"taxonomy":"post_tag","embeddable":true,"href":"https:\/\/diariodigitalmx.com\/index.php\/wp-json\/wp\/v2\/tags?post=107915"}],"curies":[{"name":"wp","href":"https:\/\/api.w.org\/{rel}","templated":true}]}}