{"id":107926,"date":"2023-10-20T16:26:53","date_gmt":"2023-10-20T21:26:53","guid":{"rendered":"http:\/\/diariodigitalmx.com\/?p=107926"},"modified":"2023-10-20T16:54:48","modified_gmt":"2023-10-20T21:54:48","slug":"invitan-a-vivir-la-pasion-del-flamenco-con-museo-viviente","status":"publish","type":"post","link":"https:\/\/diariodigitalmx.com\/index.php\/2023\/10\/20\/invitan-a-vivir-la-pasion-del-flamenco-con-museo-viviente\/","title":{"rendered":"Invitan a vivir la pasi\u00f3n del flamenco con &#8220;Museo Viviente&#8221;"},"content":{"rendered":"\n<p>La ciudad de Monterrey se llenar\u00e1 de intensidad y talento, con el espect\u00e1culo \u201cMuseo Viviente\u201d de la compa\u00f1\u00eda Flamenco Estudio que reunir\u00e1 a cerca de 50 artistas en escena, con la participaci\u00f3n especial desde Sevilla de Carmen Young.<\/p>\n\n\n\n<p>Este incre\u00edble espect\u00e1culo promete hacer vibrar a los asistentes el pr\u00f3ximo s\u00e1bado 28 de octubre, a partir de las 19:00 horas en Convex, en el cual destacados m\u00fasicos de la localidad tocar\u00e1n en vivo, acompa\u00f1ando a las bailaoras mientras ejecutan poderosas coreograf\u00edas llenas de energ\u00eda de Karime Amaya, Triana Maciel Prats, Carmen Young y otros, bajo la direcci\u00f3n art\u00edstica de Mar\u00eda Jos\u00e9 Vald\u00e9s y la direcci\u00f3n musical del guitarrista Gerardo \u201cEl Carrizo\u201d.<\/p>\n\n\n\n<p>Cristina Barrag\u00e1n, directora general de la compa\u00f1\u00eda, explic\u00f3 que Museo Viviente ser\u00e1 un homenaje a los viajeros enamorados del arte y la cultura, el cual a trav\u00e9s de la danza, la m\u00fasica y el canto, contar\u00e1n la historia de un joven que al realizar un largo viaje por Europa se enamora perdidamente de Espa\u00f1a, de sus calles, jardines, paisajes, tradiciones, pueblos y costumbres.<\/p>\n\n\n\n<p>Barrag\u00e1n, agreg\u00f3 que el monto recaudado de la venta de boletos ser\u00e1 destinado a una organizaci\u00f3n civil, porque como instituci\u00f3n promueven entre sus integrantes formarse no solo como artistas sino tambi\u00e9n como ciudadanas comprometidas con su comunidad para ayudar a prevenir y resolver problem\u00e1ticas sociales.<\/p>\n\n\n\n<p>La Compa\u00f1\u00eda Flamenco Estudio fue fundada en 2016 y desde entonces ha participado en distintos espect\u00e1culos en Monterrey y en festivales de diversos estados del pa\u00eds, como el Festival Encal\u00e9 en Guadalajara, Jalisco; el Festival Internacional Ib\u00e9rica Contempor\u00e1nea en Quer\u00e9taro, el Festival Internacional de Santa Luc\u00eda, entre muchos otros espacios culturales.<\/p>\n\n\n\n<p>Desde agosto del 2020, la compa\u00f1\u00eda es dirigida por Mar\u00eda Jos\u00e9 Vald\u00e9s, bailaora hidroc\u00e1lida.<\/p>\n","protected":false},"excerpt":{"rendered":"<p>La ciudad de Monterrey se llenar\u00e1 de intensidad y talento, con el espect\u00e1culo \u201cMuseo Viviente\u201d de la compa\u00f1\u00eda Flamenco Estudio que reunir\u00e1 a cerca de 50 artistas en escena, con la participaci\u00f3n especial desde Sevilla de Carmen Young. Este incre\u00edble espect\u00e1culo promete hacer vibrar a los asistentes el pr\u00f3ximo s\u00e1bado 28 de octubre, a partir [&hellip;]<\/p>\n","protected":false},"author":1,"featured_media":107939,"comment_status":"open","ping_status":"open","sticky":true,"template":"","format":"standard","meta":{"footnotes":""},"categories":[11,14],"tags":[],"_links":{"self":[{"href":"https:\/\/diariodigitalmx.com\/index.php\/wp-json\/wp\/v2\/posts\/107926"}],"collection":[{"href":"https:\/\/diariodigitalmx.com\/index.php\/wp-json\/wp\/v2\/posts"}],"about":[{"href":"https:\/\/diariodigitalmx.com\/index.php\/wp-json\/wp\/v2\/types\/post"}],"author":[{"embeddable":true,"href":"https:\/\/diariodigitalmx.com\/index.php\/wp-json\/wp\/v2\/users\/1"}],"replies":[{"embeddable":true,"href":"https:\/\/diariodigitalmx.com\/index.php\/wp-json\/wp\/v2\/comments?post=107926"}],"version-history":[{"count":1,"href":"https:\/\/diariodigitalmx.com\/index.php\/wp-json\/wp\/v2\/posts\/107926\/revisions"}],"predecessor-version":[{"id":107928,"href":"https:\/\/diariodigitalmx.com\/index.php\/wp-json\/wp\/v2\/posts\/107926\/revisions\/107928"}],"wp:featuredmedia":[{"embeddable":true,"href":"https:\/\/diariodigitalmx.com\/index.php\/wp-json\/wp\/v2\/media\/107939"}],"wp:attachment":[{"href":"https:\/\/diariodigitalmx.com\/index.php\/wp-json\/wp\/v2\/media?parent=107926"}],"wp:term":[{"taxonomy":"category","embeddable":true,"href":"https:\/\/diariodigitalmx.com\/index.php\/wp-json\/wp\/v2\/categories?post=107926"},{"taxonomy":"post_tag","embeddable":true,"href":"https:\/\/diariodigitalmx.com\/index.php\/wp-json\/wp\/v2\/tags?post=107926"}],"curies":[{"name":"wp","href":"https:\/\/api.w.org\/{rel}","templated":true}]}}