{"id":107927,"date":"2023-10-20T16:30:37","date_gmt":"2023-10-20T21:30:37","guid":{"rendered":"http:\/\/diariodigitalmx.com\/?p=107927"},"modified":"2023-10-20T16:32:12","modified_gmt":"2023-10-20T21:32:12","slug":"invita-escobedo-a-chambaton-vol-3","status":"publish","type":"post","link":"https:\/\/diariodigitalmx.com\/index.php\/2023\/10\/20\/invita-escobedo-a-chambaton-vol-3\/","title":{"rendered":"Invita Escobedo a Chambat\u00f3n Vol. 3"},"content":{"rendered":"\n<figure class=\"wp-block-image size-large\"><img loading=\"lazy\" decoding=\"async\" width=\"1024\" height=\"682\" src=\"http:\/\/diariodigitalmx.com\/wp-content\/uploads\/2023\/10\/FOTO-5-2-1024x682.jpeg\" alt=\"\" class=\"wp-image-107932\" srcset=\"https:\/\/diariodigitalmx.com\/wp-content\/uploads\/2023\/10\/FOTO-5-2-1024x682.jpeg 1024w, https:\/\/diariodigitalmx.com\/wp-content\/uploads\/2023\/10\/FOTO-5-2-300x200.jpeg 300w, https:\/\/diariodigitalmx.com\/wp-content\/uploads\/2023\/10\/FOTO-5-2-768x512.jpeg 768w, https:\/\/diariodigitalmx.com\/wp-content\/uploads\/2023\/10\/FOTO-5-2-1536x1023.jpeg 1536w, https:\/\/diariodigitalmx.com\/wp-content\/uploads\/2023\/10\/FOTO-5-2.jpeg 1600w\" sizes=\"(max-width: 1024px) 100vw, 1024px\" \/><\/figure>\n\n\n\n<p>El \u201cChambat\u00f3n\u201d regresa a Escobedo, de nueva cuenta, en un mismo lugar se ofertar\u00e1n m\u00e1s de 4 mil vacantes de forma muy especial, adem\u00e1s de que se vivir\u00e1 una gran fiesta laboral.<\/p>\n\n\n\n<p>El Municipio de Escobedo a trav\u00e9s de la Secretar\u00eda de Desarrollo Econ\u00f3mico y Turismo llevar\u00e1 a cabo el \u201cChambat\u00f3n Vol. 3\u201d este pr\u00f3ximo mi\u00e9rcoles 25 de octubre, donde por cinco horas consecutivas m\u00e1s de 80 empresas promocionar\u00e1 las ofertas laborales con las que cuentan.<\/p>\n\n\n\n<figure class=\"wp-block-image size-large\"><img loading=\"lazy\" decoding=\"async\" width=\"1024\" height=\"682\" src=\"http:\/\/diariodigitalmx.com\/wp-content\/uploads\/2023\/10\/FOTO-7-1024x682.jpeg\" alt=\"\" class=\"wp-image-107935\" srcset=\"https:\/\/diariodigitalmx.com\/wp-content\/uploads\/2023\/10\/FOTO-7-1024x682.jpeg 1024w, https:\/\/diariodigitalmx.com\/wp-content\/uploads\/2023\/10\/FOTO-7-300x200.jpeg 300w, https:\/\/diariodigitalmx.com\/wp-content\/uploads\/2023\/10\/FOTO-7-768x512.jpeg 768w, https:\/\/diariodigitalmx.com\/wp-content\/uploads\/2023\/10\/FOTO-7-1536x1023.jpeg 1536w, https:\/\/diariodigitalmx.com\/wp-content\/uploads\/2023\/10\/FOTO-7.jpeg 1600w\" sizes=\"(max-width: 1024px) 100vw, 1024px\" \/><\/figure>\n\n\n\n<p>Los asistentes adem\u00e1s de conocer las mejores ofertas de trabajo, tambi\u00e9n, podr\u00e1n disfrutar de una gran fiesta con m\u00fasica, buen ambiente y rifas.<\/p>\n\n\n\n<p>Ante el \u00e9xito obtenido en las dos primeras ediciones, en este \u201cChambat\u00f3n\u201d volver\u00e1n las subastas de empleo, actividad en la que se promover\u00e1n a todos los asistentes y as\u00ed las empresas puedan seleccionarlos, si es que cumplen con los perfiles deseados.<\/p>\n\n\n\n<figure class=\"wp-block-image size-large\"><img loading=\"lazy\" decoding=\"async\" width=\"1024\" height=\"682\" src=\"http:\/\/diariodigitalmx.com\/wp-content\/uploads\/2023\/10\/FOTO-3-1-1024x682.jpeg\" alt=\"\" class=\"wp-image-107937\" srcset=\"https:\/\/diariodigitalmx.com\/wp-content\/uploads\/2023\/10\/FOTO-3-1-1024x682.jpeg 1024w, https:\/\/diariodigitalmx.com\/wp-content\/uploads\/2023\/10\/FOTO-3-1-300x200.jpeg 300w, https:\/\/diariodigitalmx.com\/wp-content\/uploads\/2023\/10\/FOTO-3-1-768x512.jpeg 768w, https:\/\/diariodigitalmx.com\/wp-content\/uploads\/2023\/10\/FOTO-3-1-1536x1023.jpeg 1536w, https:\/\/diariodigitalmx.com\/wp-content\/uploads\/2023\/10\/FOTO-3-1.jpeg 1600w\" sizes=\"(max-width: 1024px) 100vw, 1024px\" \/><\/figure>\n\n\n\n<p>El \u201cChambat\u00f3n\u201d, se realizar\u00e1 este 25 de octubre en un sal\u00f3n de eventos, localizado en la Avenida Ra\u00fal Salinas 237, en la Colonia Joyas de An\u00e1huac, en un horario de 10:00 de la ma\u00f1ana hasta las 3:00 de la tarde.<\/p>\n\n\n\n<p>En un mismo lugar se tendr\u00e1n ofertas de trabajo muy variadas, tanto para profesionistas como t\u00e9cnicos.<\/p>\n\n\n\n<p>Para m\u00e1s informaci\u00f3n del evento, los interesados pueden comunicarse con la Secretar\u00eda de Desarrollo Econ\u00f3mico y Turismo, en el n\u00famero 81.8220.6100, extensiones 1310, 1401 y 1404. De igual modo, por el WhatsApp 811 761 1673.<\/p>\n","protected":false},"excerpt":{"rendered":"<p>El \u201cChambat\u00f3n\u201d regresa a Escobedo, de nueva cuenta, en un mismo lugar se ofertar\u00e1n m\u00e1s de 4 mil vacantes de forma muy especial, adem\u00e1s de que se vivir\u00e1 una gran fiesta laboral. El Municipio de Escobedo a trav\u00e9s de la Secretar\u00eda de Desarrollo Econ\u00f3mico y Turismo llevar\u00e1 a cabo el \u201cChambat\u00f3n Vol. 3\u201d este pr\u00f3ximo [&hellip;]<\/p>\n","protected":false},"author":1,"featured_media":107931,"comment_status":"open","ping_status":"open","sticky":true,"template":"","format":"standard","meta":{"footnotes":""},"categories":[14,6],"tags":[],"_links":{"self":[{"href":"https:\/\/diariodigitalmx.com\/index.php\/wp-json\/wp\/v2\/posts\/107927"}],"collection":[{"href":"https:\/\/diariodigitalmx.com\/index.php\/wp-json\/wp\/v2\/posts"}],"about":[{"href":"https:\/\/diariodigitalmx.com\/index.php\/wp-json\/wp\/v2\/types\/post"}],"author":[{"embeddable":true,"href":"https:\/\/diariodigitalmx.com\/index.php\/wp-json\/wp\/v2\/users\/1"}],"replies":[{"embeddable":true,"href":"https:\/\/diariodigitalmx.com\/index.php\/wp-json\/wp\/v2\/comments?post=107927"}],"version-history":[{"count":4,"href":"https:\/\/diariodigitalmx.com\/index.php\/wp-json\/wp\/v2\/posts\/107927\/revisions"}],"predecessor-version":[{"id":107938,"href":"https:\/\/diariodigitalmx.com\/index.php\/wp-json\/wp\/v2\/posts\/107927\/revisions\/107938"}],"wp:featuredmedia":[{"embeddable":true,"href":"https:\/\/diariodigitalmx.com\/index.php\/wp-json\/wp\/v2\/media\/107931"}],"wp:attachment":[{"href":"https:\/\/diariodigitalmx.com\/index.php\/wp-json\/wp\/v2\/media?parent=107927"}],"wp:term":[{"taxonomy":"category","embeddable":true,"href":"https:\/\/diariodigitalmx.com\/index.php\/wp-json\/wp\/v2\/categories?post=107927"},{"taxonomy":"post_tag","embeddable":true,"href":"https:\/\/diariodigitalmx.com\/index.php\/wp-json\/wp\/v2\/tags?post=107927"}],"curies":[{"name":"wp","href":"https:\/\/api.w.org\/{rel}","templated":true}]}}