{"id":107947,"date":"2023-10-20T18:29:16","date_gmt":"2023-10-20T23:29:16","guid":{"rendered":"http:\/\/diariodigitalmx.com\/?p=107947"},"modified":"2023-10-20T18:33:11","modified_gmt":"2023-10-20T23:33:11","slug":"regala-santa-lucia-velada-de-gran-musica","status":"publish","type":"post","link":"https:\/\/diariodigitalmx.com\/index.php\/2023\/10\/20\/regala-santa-lucia-velada-de-gran-musica\/","title":{"rendered":"Regala Santa Luc\u00eda velada de gran m\u00fasica"},"content":{"rendered":"\n<p>Monterrey.- Una noche inolvidable de talento, m\u00fasica y sensibilidad se vivi\u00f3 en la Explanada de los H\u00e9roes al abrir la puerta al \u201cViaje Musical\u201d que encabez\u00f3 en un gran concierto el pianista Jorge Viladoms.<br>Al cierre del evento, ante la ovaci\u00f3n de todos los asistentes, subi\u00f3 al escenario Lorenia Canavati von Brostel, Presidenta del Patronato del Festival Internacional Santa Luc\u00eda acompa\u00f1ada de Melissa Segura Guerrero, titular de la Secretar\u00eda de Cultura de Nuevo Le\u00f3n, agradeciendo a los grandes int\u00e9rpretes que presentaron su arte ante el p\u00fablico que acudi\u00f3 a la Explanada de los H\u00e9roes de la Macroplaza.<br>Ambas entregaron reconocimiento a todos los participantes, felicit\u00e1ndolos para su destacada participaci\u00f3n.<\/p>\n\n\n\n<figure class=\"wp-block-image size-large\"><img loading=\"lazy\" decoding=\"async\" width=\"1024\" height=\"682\" src=\"http:\/\/diariodigitalmx.com\/wp-content\/uploads\/2023\/10\/Archivo_108-1024x682.png\" alt=\"\" class=\"wp-image-107952\" srcset=\"https:\/\/diariodigitalmx.com\/wp-content\/uploads\/2023\/10\/Archivo_108-1024x682.png 1024w, https:\/\/diariodigitalmx.com\/wp-content\/uploads\/2023\/10\/Archivo_108-300x200.png 300w, https:\/\/diariodigitalmx.com\/wp-content\/uploads\/2023\/10\/Archivo_108-768x512.png 768w, https:\/\/diariodigitalmx.com\/wp-content\/uploads\/2023\/10\/Archivo_108.png 1280w\" sizes=\"(max-width: 1024px) 100vw, 1024px\" \/><\/figure>\n\n\n\n<p>\u201cJorge Viladoms, en el piano haces maravillas para traernos estas grandes composiciones del repertorio mexicano e internacional. Igualmente, la voz de Pilar Alva, seduce y conmueve. Una gran soprano, que ha venido de Espa\u00f1a para acompa\u00f1arnos y por supuesto que te agradecemos tu visita a Monterrey. Magn\u00edfico tambi\u00e9n el tenor Leonardo S\u00e1nchez, un deleite tu interpretaci\u00f3n. Gran talento mexicano con nosotros, gracias Leonardo. Y el chelista venezolano Gregorio Nieto, un virtuoso absoluto. Gracias por la generosidad de tu talento esta velada\u201d, expres\u00f3 presidenta del Festival.<\/p>\n\n\n\n<figure class=\"wp-block-image size-large\"><img loading=\"lazy\" decoding=\"async\" width=\"1024\" height=\"682\" src=\"http:\/\/diariodigitalmx.com\/wp-content\/uploads\/2023\/10\/Archivo_144-1024x682.png\" alt=\"\" class=\"wp-image-107954\" srcset=\"https:\/\/diariodigitalmx.com\/wp-content\/uploads\/2023\/10\/Archivo_144-1024x682.png 1024w, https:\/\/diariodigitalmx.com\/wp-content\/uploads\/2023\/10\/Archivo_144-300x200.png 300w, https:\/\/diariodigitalmx.com\/wp-content\/uploads\/2023\/10\/Archivo_144-768x512.png 768w, https:\/\/diariodigitalmx.com\/wp-content\/uploads\/2023\/10\/Archivo_144.png 1280w\" sizes=\"(max-width: 1024px) 100vw, 1024px\" \/><\/figure>\n\n\n\n<p>Igualmente, la promotora cultural elogi\u00f3 la participaci\u00f3n especial del coro de los ni\u00f1os de la Fundaci\u00f3n Crescendo y la participaci\u00f3n del Coro representativo IM Famus de la Universidad Aut\u00f3noma de Nuevo Le\u00f3n.<br>\u201cHoy iniciamos los espect\u00e1culos en este espl\u00e9ndido escenario y nada nos dar\u00e1 m\u00e1s gusto que verlos noche con noche con todos los conciertos y espect\u00e1culos que les hemos preparado\u201d, coment\u00f3 Canavati.<\/p>\n\n\n\n<figure class=\"wp-block-image size-large\"><img loading=\"lazy\" decoding=\"async\" width=\"1024\" height=\"682\" src=\"http:\/\/diariodigitalmx.com\/wp-content\/uploads\/2023\/10\/Archivo_122-1024x682.png\" alt=\"\" class=\"wp-image-107957\" srcset=\"https:\/\/diariodigitalmx.com\/wp-content\/uploads\/2023\/10\/Archivo_122-1024x682.png 1024w, https:\/\/diariodigitalmx.com\/wp-content\/uploads\/2023\/10\/Archivo_122-300x200.png 300w, https:\/\/diariodigitalmx.com\/wp-content\/uploads\/2023\/10\/Archivo_122-768x512.png 768w, https:\/\/diariodigitalmx.com\/wp-content\/uploads\/2023\/10\/Archivo_122.png 1280w\" sizes=\"(max-width: 1024px) 100vw, 1024px\" \/><\/figure>\n\n\n\n<p>\u201cFelicidades por este inicio del Gran Escenario del Festival Internacional Santa Luc\u00eda. Este es uno de los proyectos m\u00e1s importantes del Programa de Cultura de este estado, justamente para que todas y todos podamos disfrutar la gran programaci\u00f3n que trae el Festival. Hay que disfrutar los siguientes d\u00edas de fiesta cultural de Nuevo Le\u00f3n\u201d, mencion\u00f3 la titular de Cultura estatal.<br>El programa ten\u00eda piezas exquisitas del repertorio musical e inclu\u00eda el Ave Mar\u00eda de Bach y Gounod, adem\u00e1s de piezas de Mozart, Borodin, Schubert, Puccini, entre otros.<br>Entre los compositores mexicanos que fueron interpretados y quiz\u00e1 fueron los m\u00e1s aplaudidos, estuvieron Manuel M. Ponce, Agust\u00edn Lara y Mar\u00eda Grever, as\u00ed como algunas piezas de Andrew Lloyd Weber y de la pel\u00edcula El mago de Oz.<\/p>\n","protected":false},"excerpt":{"rendered":"<p>Monterrey.- Una noche inolvidable de talento, m\u00fasica y sensibilidad se vivi\u00f3 en la Explanada de los H\u00e9roes al abrir la puerta al \u201cViaje Musical\u201d que encabez\u00f3 en un gran concierto el pianista Jorge Viladoms.Al cierre del evento, ante la ovaci\u00f3n de todos los asistentes, subi\u00f3 al escenario Lorenia Canavati von Brostel, Presidenta del Patronato del [&hellip;]<\/p>\n","protected":false},"author":1,"featured_media":107949,"comment_status":"open","ping_status":"open","sticky":true,"template":"","format":"standard","meta":{"footnotes":""},"categories":[11,14],"tags":[],"_links":{"self":[{"href":"https:\/\/diariodigitalmx.com\/index.php\/wp-json\/wp\/v2\/posts\/107947"}],"collection":[{"href":"https:\/\/diariodigitalmx.com\/index.php\/wp-json\/wp\/v2\/posts"}],"about":[{"href":"https:\/\/diariodigitalmx.com\/index.php\/wp-json\/wp\/v2\/types\/post"}],"author":[{"embeddable":true,"href":"https:\/\/diariodigitalmx.com\/index.php\/wp-json\/wp\/v2\/users\/1"}],"replies":[{"embeddable":true,"href":"https:\/\/diariodigitalmx.com\/index.php\/wp-json\/wp\/v2\/comments?post=107947"}],"version-history":[{"count":5,"href":"https:\/\/diariodigitalmx.com\/index.php\/wp-json\/wp\/v2\/posts\/107947\/revisions"}],"predecessor-version":[{"id":107958,"href":"https:\/\/diariodigitalmx.com\/index.php\/wp-json\/wp\/v2\/posts\/107947\/revisions\/107958"}],"wp:featuredmedia":[{"embeddable":true,"href":"https:\/\/diariodigitalmx.com\/index.php\/wp-json\/wp\/v2\/media\/107949"}],"wp:attachment":[{"href":"https:\/\/diariodigitalmx.com\/index.php\/wp-json\/wp\/v2\/media?parent=107947"}],"wp:term":[{"taxonomy":"category","embeddable":true,"href":"https:\/\/diariodigitalmx.com\/index.php\/wp-json\/wp\/v2\/categories?post=107947"},{"taxonomy":"post_tag","embeddable":true,"href":"https:\/\/diariodigitalmx.com\/index.php\/wp-json\/wp\/v2\/tags?post=107947"}],"curies":[{"name":"wp","href":"https:\/\/api.w.org\/{rel}","templated":true}]}}