{"id":107964,"date":"2023-10-21T13:46:24","date_gmt":"2023-10-21T18:46:24","guid":{"rendered":"http:\/\/diariodigitalmx.com\/?p=107964"},"modified":"2023-10-21T13:48:20","modified_gmt":"2023-10-21T18:48:20","slug":"va-escobedo-contra-rezago-educativo-jovenes-y-adultos-finalizan-estudios-basicos","status":"publish","type":"post","link":"https:\/\/diariodigitalmx.com\/index.php\/2023\/10\/21\/va-escobedo-contra-rezago-educativo-jovenes-y-adultos-finalizan-estudios-basicos\/","title":{"rendered":"Va Escobedo contra rezago educativo; j\u00f3venes y adultos finalizan estudios b\u00e1sicos"},"content":{"rendered":"\n<figure class=\"wp-block-image size-large\"><img loading=\"lazy\" decoding=\"async\" width=\"1024\" height=\"683\" src=\"http:\/\/diariodigitalmx.com\/wp-content\/uploads\/2023\/10\/IMG_20231021_124117_624-1024x683.webp\" alt=\"\" class=\"wp-image-107968\" srcset=\"https:\/\/diariodigitalmx.com\/wp-content\/uploads\/2023\/10\/IMG_20231021_124117_624-1024x683.webp 1024w, https:\/\/diariodigitalmx.com\/wp-content\/uploads\/2023\/10\/IMG_20231021_124117_624-300x200.webp 300w, https:\/\/diariodigitalmx.com\/wp-content\/uploads\/2023\/10\/IMG_20231021_124117_624-768x512.webp 768w, https:\/\/diariodigitalmx.com\/wp-content\/uploads\/2023\/10\/IMG_20231021_124117_624.webp 1080w\" sizes=\"(max-width: 1024px) 100vw, 1024px\" \/><\/figure>\n\n\n\n<p>El Municipio de Escobedo contin\u00faa avanzando en la reducci\u00f3n del rezago educativo, este s\u00e1bado, j\u00f3venes y adultos concluyeron con \u00e9xito sus estudios b\u00e1sicos de Primaria y Secundaria, con lo que apuestan a un mejor desarrollo profesional y personal.<\/p>\n\n\n\n<p>El Alcalde Andr\u00e9s Mijes encabez\u00f3 la entrega de certificados a 73 j\u00f3venes y adultos que pasaron con \u00e9xito su examen de nivel Primaria y Secundaria, lo anterior se deriva de las acciones coordinadas con el Instituto Nacional para la Educaci\u00f3n de los Adultos.<\/p>\n\n\n\n<p>En su mensaje, Mijes refiri\u00f3 que en Escobedo se trabaja para reducir la brecha de la desigualdad y por ello apuestan a apoyar a la gente que quiera continuar sus estudios.<\/p>\n\n\n\n<figure class=\"wp-block-image size-large\"><img loading=\"lazy\" decoding=\"async\" width=\"1024\" height=\"683\" src=\"http:\/\/diariodigitalmx.com\/wp-content\/uploads\/2023\/10\/IMG_20231021_124117_738-1024x683.webp\" alt=\"\" class=\"wp-image-107970\" srcset=\"https:\/\/diariodigitalmx.com\/wp-content\/uploads\/2023\/10\/IMG_20231021_124117_738-1024x683.webp 1024w, https:\/\/diariodigitalmx.com\/wp-content\/uploads\/2023\/10\/IMG_20231021_124117_738-300x200.webp 300w, https:\/\/diariodigitalmx.com\/wp-content\/uploads\/2023\/10\/IMG_20231021_124117_738-768x512.webp 768w, https:\/\/diariodigitalmx.com\/wp-content\/uploads\/2023\/10\/IMG_20231021_124117_738.webp 1080w\" sizes=\"(max-width: 1024px) 100vw, 1024px\" \/><\/figure>\n\n\n\n<p>\u201cEl objetivo principal de este Gobierno es reducir la brecha de la desigualdad, y una de las brechas que hay es precisamente el acceso a la educaci\u00f3n, hay gente que por alguna raz\u00f3n no termin\u00f3 la Primaria o no termin\u00f3 la Secundaria, y se atoran y no tienen acceso a un buen empleo y por eso traemos programas con este para que ustedes puedan concluir sus estudios\u201d, coment\u00f3 el Edil.<\/p>\n\n\n\n<p>El Gobierno de Escobedo invita a los j\u00f3venes y adultos que quieran continuar con sus estudios, pueden comunicarse al n\u00famero 81.8220.6197 ext. 3132 para m\u00e1s informaci\u00f3n sobre cuando son los cursos y detalles de inscripci\u00f3n.<\/p>\n","protected":false},"excerpt":{"rendered":"<p>El Municipio de Escobedo contin\u00faa avanzando en la reducci\u00f3n del rezago educativo, este s\u00e1bado, j\u00f3venes y adultos concluyeron con \u00e9xito sus estudios b\u00e1sicos de Primaria y Secundaria, con lo que apuestan a un mejor desarrollo profesional y personal. El Alcalde Andr\u00e9s Mijes encabez\u00f3 la entrega de certificados a 73 j\u00f3venes y adultos que pasaron con [&hellip;]<\/p>\n","protected":false},"author":1,"featured_media":107966,"comment_status":"open","ping_status":"open","sticky":true,"template":"","format":"standard","meta":{"footnotes":""},"categories":[14,6],"tags":[],"_links":{"self":[{"href":"https:\/\/diariodigitalmx.com\/index.php\/wp-json\/wp\/v2\/posts\/107964"}],"collection":[{"href":"https:\/\/diariodigitalmx.com\/index.php\/wp-json\/wp\/v2\/posts"}],"about":[{"href":"https:\/\/diariodigitalmx.com\/index.php\/wp-json\/wp\/v2\/types\/post"}],"author":[{"embeddable":true,"href":"https:\/\/diariodigitalmx.com\/index.php\/wp-json\/wp\/v2\/users\/1"}],"replies":[{"embeddable":true,"href":"https:\/\/diariodigitalmx.com\/index.php\/wp-json\/wp\/v2\/comments?post=107964"}],"version-history":[{"count":3,"href":"https:\/\/diariodigitalmx.com\/index.php\/wp-json\/wp\/v2\/posts\/107964\/revisions"}],"predecessor-version":[{"id":107971,"href":"https:\/\/diariodigitalmx.com\/index.php\/wp-json\/wp\/v2\/posts\/107964\/revisions\/107971"}],"wp:featuredmedia":[{"embeddable":true,"href":"https:\/\/diariodigitalmx.com\/index.php\/wp-json\/wp\/v2\/media\/107966"}],"wp:attachment":[{"href":"https:\/\/diariodigitalmx.com\/index.php\/wp-json\/wp\/v2\/media?parent=107964"}],"wp:term":[{"taxonomy":"category","embeddable":true,"href":"https:\/\/diariodigitalmx.com\/index.php\/wp-json\/wp\/v2\/categories?post=107964"},{"taxonomy":"post_tag","embeddable":true,"href":"https:\/\/diariodigitalmx.com\/index.php\/wp-json\/wp\/v2\/tags?post=107964"}],"curies":[{"name":"wp","href":"https:\/\/api.w.org\/{rel}","templated":true}]}}