{"id":108005,"date":"2023-10-23T01:02:26","date_gmt":"2023-10-23T06:02:26","guid":{"rendered":"http:\/\/diariodigitalmx.com\/?p=108005"},"modified":"2023-10-23T01:03:15","modified_gmt":"2023-10-23T06:03:15","slug":"tres-poderes","status":"publish","type":"post","link":"https:\/\/diariodigitalmx.com\/index.php\/2023\/10\/23\/tres-poderes\/","title":{"rendered":"Tres poderes"},"content":{"rendered":"\n<p>Ixtoc Hinojosa G\u00e1ndara<\/p>\n\n\n\n<p>La importancia que muy pocas veces le damos a la filosof\u00eda e ideas en las que se basa nuestra forma de gobierno est\u00e1 muchas veces poco valorada y a opini\u00f3n de un servidor deber\u00eda ense\u00f1arse desde la educaci\u00f3n b\u00e1sica. Lo dicho en el enunciado anterior es por la controversia que \u00faltimamente hemos visto en los noticieros y programas de opini\u00f3n pol\u00edtica donde el Presidente Andr\u00e9s Manuel L\u00f3pez Obrador se la pasa denostando y criticando, no solo a la Suprema Corte de Justicia de la Naci\u00f3n sino a todo el Poder Judicial en su conjunto. El que nuestra forma de gobierno est\u00e9 dividida en tres poderes, el ejecutivo, el legislativo y el judicial es para que estos dos \u00faltimos, o en este caso nada m\u00e1s el judicial, sirva de contrapeso a las decisiones arbitrarias de alg\u00fan otro poder como las decisiones del Presidente de la Rep\u00fablica que muchas veces carecen de toda validez jur\u00eddica y constitucional.<\/p>\n\n\n\n<p>La teor\u00eda de divisi\u00f3n de poderes viene desde la \u00e9poca de la Ilustraci\u00f3n en la Europa del siglo XVIII cuando Montesquieu la enarbolo. Por simple conocimiento d\u00e9mosle una buena le\u00edda a nuestra Constituci\u00f3n y encontraremos los fundamentos b\u00e1sicos de nuestra forma de organizarnos.<\/p>\n\n\n\n<p>El ataque del Presidente hacia el Poder Judicial, Federal es muy parecido al que intent\u00f3 con el Instituto Nacional Electoral donde primero lo critica y despu\u00e9s lo trata de asfixiar presupuestalmente. Nuestra labor como ciudadan\u00eda es defender este poder y contrapeso de los dem\u00e1s poderes pero tambi\u00e9n exigirle el debido cumplimiento de sus funciones y por supuesto hacer los recortes econ\u00f3micos donde estos puedan realmente hacerse sin afectar los derechos laborales de ninguna persona.<\/p>\n\n\n\n<p>Salgamos tambi\u00e9n a defender nuestra democracia que esta no depende solo de las instituciones electorales, sino de todos los contrapesos a todos los poderes. Muy simple no basta con observarlo en un espejo, veamos c\u00f3mo se fue desarrollando la dictadura chavista en la Venezuela de finales del siglo XX. Recuerda que estoy a tus ordenes en todas mis redes donde me puedes encontrar como @ixtocmty<\/p>\n","protected":false},"excerpt":{"rendered":"<p>Ixtoc Hinojosa G\u00e1ndara La importancia que muy pocas veces le damos a la filosof\u00eda e ideas en las que se basa nuestra forma de gobierno est\u00e1 muchas veces poco valorada y a opini\u00f3n de un servidor deber\u00eda ense\u00f1arse desde la educaci\u00f3n b\u00e1sica. Lo dicho en el enunciado anterior es por la controversia que \u00faltimamente hemos [&hellip;]<\/p>\n","protected":false},"author":1,"featured_media":108007,"comment_status":"open","ping_status":"open","sticky":true,"template":"","format":"standard","meta":{"footnotes":""},"categories":[14,12],"tags":[],"_links":{"self":[{"href":"https:\/\/diariodigitalmx.com\/index.php\/wp-json\/wp\/v2\/posts\/108005"}],"collection":[{"href":"https:\/\/diariodigitalmx.com\/index.php\/wp-json\/wp\/v2\/posts"}],"about":[{"href":"https:\/\/diariodigitalmx.com\/index.php\/wp-json\/wp\/v2\/types\/post"}],"author":[{"embeddable":true,"href":"https:\/\/diariodigitalmx.com\/index.php\/wp-json\/wp\/v2\/users\/1"}],"replies":[{"embeddable":true,"href":"https:\/\/diariodigitalmx.com\/index.php\/wp-json\/wp\/v2\/comments?post=108005"}],"version-history":[{"count":1,"href":"https:\/\/diariodigitalmx.com\/index.php\/wp-json\/wp\/v2\/posts\/108005\/revisions"}],"predecessor-version":[{"id":108006,"href":"https:\/\/diariodigitalmx.com\/index.php\/wp-json\/wp\/v2\/posts\/108005\/revisions\/108006"}],"wp:featuredmedia":[{"embeddable":true,"href":"https:\/\/diariodigitalmx.com\/index.php\/wp-json\/wp\/v2\/media\/108007"}],"wp:attachment":[{"href":"https:\/\/diariodigitalmx.com\/index.php\/wp-json\/wp\/v2\/media?parent=108005"}],"wp:term":[{"taxonomy":"category","embeddable":true,"href":"https:\/\/diariodigitalmx.com\/index.php\/wp-json\/wp\/v2\/categories?post=108005"},{"taxonomy":"post_tag","embeddable":true,"href":"https:\/\/diariodigitalmx.com\/index.php\/wp-json\/wp\/v2\/tags?post=108005"}],"curies":[{"name":"wp","href":"https:\/\/api.w.org\/{rel}","templated":true}]}}