{"id":108015,"date":"2023-10-23T01:27:57","date_gmt":"2023-10-23T06:27:57","guid":{"rendered":"http:\/\/diariodigitalmx.com\/?p=108015"},"modified":"2023-10-23T01:31:11","modified_gmt":"2023-10-23T06:31:11","slug":"tres-magnificos-titulos-para-estudiarse-en-catedras-especializadas","status":"publish","type":"post","link":"https:\/\/diariodigitalmx.com\/index.php\/2023\/10\/23\/tres-magnificos-titulos-para-estudiarse-en-catedras-especializadas\/","title":{"rendered":"Tres magn\u00edficos t\u00edtulos para estudiarse en c\u00e1tedras especializadas"},"content":{"rendered":"\n<p><br>Gerson G\u00f3mez Salas<br>Una dacha en el Golfo de Emilio S\u00e1nchez Mediavilla<br>1.\u00ba PREMIO ANAGRAMA DE CR\u00d3NICA\/FUNDACI\u00d3N GIANGIACOMO FELTRINELLI 2019<br>Emilio S\u00e1nchez Mediavilla vivi\u00f3 dos a\u00f1os en Bahr\u00e9in con su pareja, destinada all\u00ed por trabajo. Cuando volvi\u00f3 a Espa\u00f1a y termin\u00f3 de escribir este libro supo que ya no podr\u00eda regresar al lugar que hab\u00eda sido su casa, porque los periodistas no son bienvenidos en un pa\u00eds que ocupa el puesto 167, de 180, en la clasificaci\u00f3n de libertad de prensa elaborada por Reporteros Sin Fronteras.<br>Bahr\u00e9in es un reino del tama\u00f1o de Menorca en pleno golfo P\u00e9rsico, entre Arabia Saud\u00ed e Ir\u00e1n, sometido a muchas de las tensiones sectarias y pol\u00edticas que agitan Oriente Medio. Un pa\u00eds de mayor\u00eda chi\u00ed pero gobernado por una monarqu\u00eda absolutista sun\u00ed, antigua colonia brit\u00e1nica, sede de la Quinta Flota americana, pionero en el descubrimiento de pozos petrol\u00edferos y en la lucha obrera del mundo \u00e1rabe, y el primer pa\u00eds musulm\u00e1n en despenalizar la homosexualidad; un pa\u00eds cuya historia reciente se ha visto marcada por la salvaje represi\u00f3n que sigui\u00f3 a la revoluci\u00f3n de 2011, que S\u00e1nchez Mediavilla reconstruye haciendo escala en Londres y Berl\u00edn para entrevistarse con miembros de la disidencia. Este es el retrato de una sociedad que combina la tolerancia religiosa m\u00e1s avanzada del Golfo con venas subterr\u00e1neas de rigorismo wahab\u00ed y chi\u00ed; que constituye un destino amable para los expatriados occidentales pero un infierno para los trabajadores asi\u00e1ticos, sometidos a una cruel explotaci\u00f3n laboral. Una dacha en el Golfo desmonta hasta la iconoclastia la gravedad de la religi\u00f3n, de las tradiciones, del propio oficio de periodista. Y lo hace construyendo un relato rebosante de inteligencia, con pasajes hilarantes que recuerdan al Nigel Barley de El antrop\u00f3logo inocente; una cr\u00f3nica vibrante, escrita con claridad, lucidez y hermosura, que aborda la geopol\u00edtica de Oriente Medio, pero tambi\u00e9n captura su vida cotidiana, hecha de vivencias personales, descubrimientos, asombros, perplejidades y aprendizajes.<\/p>\n\n\n\n<figure class=\"wp-block-image size-full\"><img loading=\"lazy\" decoding=\"async\" width=\"360\" height=\"618\" src=\"http:\/\/diariodigitalmx.com\/wp-content\/uploads\/2023\/10\/xthumb_26402_portadas_big.jpeg.pagespeed.ic_.oIX2_beMbr.jpg\" alt=\"\" class=\"wp-image-108018\" srcset=\"https:\/\/diariodigitalmx.com\/wp-content\/uploads\/2023\/10\/xthumb_26402_portadas_big.jpeg.pagespeed.ic_.oIX2_beMbr.jpg 360w, https:\/\/diariodigitalmx.com\/wp-content\/uploads\/2023\/10\/xthumb_26402_portadas_big.jpeg.pagespeed.ic_.oIX2_beMbr-175x300.jpg 175w\" sizes=\"(max-width: 360px) 100vw, 360px\" \/><\/figure>\n\n\n\n<p>La guerra que perdimos de Juan Miguel \u00c1lvarez<br>2.\u00ba PREMIO ANAGRAMA DE CR\u00d3NICA\/FUNDACI\u00d3N GIANGIACOMO FELTRINELLI 2021<br>Un libro que muestra los rastros, los vestigios de un holocausto donde se difuminan los l\u00edmites, los bandos, las aut\u00e9nticas motivaciones.<br>\u00abEntre las once cr\u00f3nicas que integran este libro la m\u00e1s antigua tiene fecha en 2014 y la m\u00e1s reciente en 2021. Lapso que abarca los a\u00f1os inmediatamente anteriores y posteriores a la firma del Acuerdo de Paz. Varias narran episodios que ocurrieron mucho antes de que gobernante alguno fuera capaz de sentar a los comandantes guerrilleros m\u00e1s ortodoxos y anquilosados a una mesa de negociaci\u00f3n. Otras avanzan sobre personas cuyas vidas quedaron transversalizadas por ese acuerdo. Todas pueden leerse como diferentes formas de ser o caer v\u00edctima en esta guerra, en medio de las circunstancias espec\u00edficas de cada territorio.\u00bb<\/p>\n\n\n\n<p>Este no es un libro sobre la guerra. Ni siquiera es un libro sobre quienes participaron en ella. Tendr\u00eda que ser, m\u00e1s bien, el relato \u00edntimo de un reportero que se tropieza en cada encrucijada con esquirlas y cicatrices, como quien va recogiendo trozos rotos en cada paraje lejano de la geograf\u00eda nacional para intentar recomponer algo que se parezca a una explicaci\u00f3n.<br>\u00bfQu\u00e9 les pas\u00f3 a los colombianos? Quiz\u00e1 sea prematuro ofrecer respuestas, pero ah\u00ed est\u00e1n los rastros, los vestigios de un holocausto donde se difuminan los l\u00edmites, los bandos, las aut\u00e9nticas motivaciones. La guerra es eso que ocurre en otro lado y en otro tiempo: ese pasado que a\u00fan se conjuga en presente.<\/p>\n\n\n\n<figure class=\"wp-block-image size-full\"><img loading=\"lazy\" decoding=\"async\" width=\"359\" height=\"564\" src=\"http:\/\/diariodigitalmx.com\/wp-content\/uploads\/2023\/10\/xthumb_23007_portadas_big.jpeg.pagespeed.ic_.ssAJeVpeqM.jpg\" alt=\"\" class=\"wp-image-108020\" srcset=\"https:\/\/diariodigitalmx.com\/wp-content\/uploads\/2023\/10\/xthumb_23007_portadas_big.jpeg.pagespeed.ic_.ssAJeVpeqM.jpg 359w, https:\/\/diariodigitalmx.com\/wp-content\/uploads\/2023\/10\/xthumb_23007_portadas_big.jpeg.pagespeed.ic_.ssAJeVpeqM-191x300.jpg 191w\" sizes=\"(max-width: 359px) 100vw, 359px\" \/><\/figure>\n\n\n\n<p>Los intrusos de Carlos Manuel \u00c1lvarez<br>3.\u00ba PREMIO ANAGRAMA DE CR\u00d3NICA\/FUNDACI\u00d3N GIANGIACOMO FELTRINELLI 2022<\/p>\n\n\n\n<p>Una indagaci\u00f3n que explora el castrismo no solo como una expresi\u00f3n de poder autoritario, sino tambi\u00e9n como un h\u00e1bito y una cultura.<br>En Los intrusos, Carlos Manuel \u00c1lvarez se sumerge en la reciente protesta organizada en La Habana por el Movimiento San Isidro, que reuni\u00f3 a m\u00e1s de doscientos artistas, intelectuales y activistas cubanos. En noviembre de 2020, el r\u00e9gimen de la isla encarcel\u00f3 al rapero Denis Sol\u00eds, lo que gener\u00f3 un acuartelamiento pac\u00edfico, respuesta c\u00edvica in\u00e9dita que parece haber cambiado de modo irreversible el mapa pol\u00edtico sentimental del pa\u00eds.<br>Mezcla de reportaje, testimonio, perfil y memoria, el libro retrata las vidas de los participantes en este evento y tambi\u00e9n la experiencia \u00edntima del autor con la Stasi cubana como parte de la vor\u00e1gine social compartida por aquel grupo disidente. A la vez, explora algunas categor\u00edas muy pertinentes en la isla: revoluci\u00f3n, dictadura, lenguaje y totalitarismo.<\/p>\n\n\n\n<p>El castrismo se entiende aqu\u00ed no solo como una expresi\u00f3n de poder autoritario, sino tambi\u00e9n como un h\u00e1bito, una cultura, una doctrina que configura emocional e intelectualmente. \u00abQuiero creer que el libro propone una est\u00e9tica de la militancia en el riesgo\u00bb, ha dicho el autor, al tiempo que plantea una reflexi\u00f3n sobre el rol del periodismo, la escritura y el arte.<\/p>\n","protected":false},"excerpt":{"rendered":"<p>Gerson G\u00f3mez SalasUna dacha en el Golfo de Emilio S\u00e1nchez Mediavilla1.\u00ba PREMIO ANAGRAMA DE CR\u00d3NICA\/FUNDACI\u00d3N GIANGIACOMO FELTRINELLI 2019Emilio S\u00e1nchez Mediavilla vivi\u00f3 dos a\u00f1os en Bahr\u00e9in con su pareja, destinada all\u00ed por trabajo. Cuando volvi\u00f3 a Espa\u00f1a y termin\u00f3 de escribir este libro supo que ya no podr\u00eda regresar al lugar que hab\u00eda sido su casa, [&hellip;]<\/p>\n","protected":false},"author":1,"featured_media":108017,"comment_status":"open","ping_status":"open","sticky":true,"template":"","format":"standard","meta":{"footnotes":""},"categories":[11,14],"tags":[],"_links":{"self":[{"href":"https:\/\/diariodigitalmx.com\/index.php\/wp-json\/wp\/v2\/posts\/108015"}],"collection":[{"href":"https:\/\/diariodigitalmx.com\/index.php\/wp-json\/wp\/v2\/posts"}],"about":[{"href":"https:\/\/diariodigitalmx.com\/index.php\/wp-json\/wp\/v2\/types\/post"}],"author":[{"embeddable":true,"href":"https:\/\/diariodigitalmx.com\/index.php\/wp-json\/wp\/v2\/users\/1"}],"replies":[{"embeddable":true,"href":"https:\/\/diariodigitalmx.com\/index.php\/wp-json\/wp\/v2\/comments?post=108015"}],"version-history":[{"count":3,"href":"https:\/\/diariodigitalmx.com\/index.php\/wp-json\/wp\/v2\/posts\/108015\/revisions"}],"predecessor-version":[{"id":108022,"href":"https:\/\/diariodigitalmx.com\/index.php\/wp-json\/wp\/v2\/posts\/108015\/revisions\/108022"}],"wp:featuredmedia":[{"embeddable":true,"href":"https:\/\/diariodigitalmx.com\/index.php\/wp-json\/wp\/v2\/media\/108017"}],"wp:attachment":[{"href":"https:\/\/diariodigitalmx.com\/index.php\/wp-json\/wp\/v2\/media?parent=108015"}],"wp:term":[{"taxonomy":"category","embeddable":true,"href":"https:\/\/diariodigitalmx.com\/index.php\/wp-json\/wp\/v2\/categories?post=108015"},{"taxonomy":"post_tag","embeddable":true,"href":"https:\/\/diariodigitalmx.com\/index.php\/wp-json\/wp\/v2\/tags?post=108015"}],"curies":[{"name":"wp","href":"https:\/\/api.w.org\/{rel}","templated":true}]}}