{"id":108023,"date":"2023-10-23T07:36:32","date_gmt":"2023-10-23T12:36:32","guid":{"rendered":"http:\/\/diariodigitalmx.com\/?p=108023"},"modified":"2023-10-23T07:39:04","modified_gmt":"2023-10-23T12:39:04","slug":"no-nos-van-a-callar-exclaman-ciudadanos-durante-marcha-de-apoyo-al-pjf-en-nl","status":"publish","type":"post","link":"https:\/\/diariodigitalmx.com\/index.php\/2023\/10\/23\/no-nos-van-a-callar-exclaman-ciudadanos-durante-marcha-de-apoyo-al-pjf-en-nl\/","title":{"rendered":"&#8220;\u00a1No nos van a callar!&#8221;, exclaman ciudadanos durante marcha de apoyo al PJF en NL"},"content":{"rendered":"\n<p>Por: Francisco J. Pe\u00f1a Medina<\/p>\n\n\n\n<p>&#8220;\u00a1Yo si trabajo no vivo en un palacio!&#8221;, &#8220;\u00a1Poder Judicial al servicio nacional!&#8221;, &#8220;\u00a1No son privilegios son nuestros derechos&#8221;, &#8220;\u00a1Por actos de venganza M\u00e9xico no avanza!&#8221; y \u00a1Se ve se siente Nuevo Le\u00f3n est\u00e1 presente!&#8221;\u2026<\/p>\n\n\n\n<p>Fueron las consignas con las que inici\u00f3 en Monterrey la marcha de protesta en la que m\u00e1s de dos mil ciudadanos se manifestaron en contra de la eliminaci\u00f3n de 13 fideicomisos del Poder Judicial de la Federaci\u00f3n.<\/p>\n\n\n\n<figure class=\"wp-block-image size-full\"><img loading=\"lazy\" decoding=\"async\" width=\"720\" height=\"540\" src=\"http:\/\/diariodigitalmx.com\/wp-content\/uploads\/2023\/10\/IMG-20231023-WA0000.jpg\" alt=\"\" class=\"wp-image-108028\" srcset=\"https:\/\/diariodigitalmx.com\/wp-content\/uploads\/2023\/10\/IMG-20231023-WA0000.jpg 720w, https:\/\/diariodigitalmx.com\/wp-content\/uploads\/2023\/10\/IMG-20231023-WA0000-300x225.jpg 300w\" sizes=\"(max-width: 720px) 100vw, 720px\" \/><\/figure>\n\n\n\n<p>Las mismas acciones se replicaron en forma simult\u00e1nea este domingo 22 de octubre a lo largo de 54 ciudades del pa\u00eds, en una convocatoria lanzada por la Organizaci\u00f3n No Gubernamental &#8220;Chalecos M\u00e9xico&#8221;<\/p>\n\n\n\n<pre class=\"wp-block-code\"><code> En sincron\u00eda, al punto de las 11 de la ma\u00f1ana empez\u00f3 a fluir desde la calle Zaragoza, a escasos metros de Palacio de Gobierno una \"marea blanca\" de ciudadanos conformada por empleados del PJF y miembros de agrupaciones civiles, que unidos, en causa com\u00fan, exclamaron contundentes: \"!No nos callar\u00e1n. En est\u00e1 lucha \u00a1ni un paso atr\u00e1s!\".\n\n La ma\u00f1ana es soleada y el clima agradable, cuando el contingente integrado por familias enteras vestidas de blanco, ordenadas y entusiastas arrancan un recorrido lento, trazando un circuito en el que rodean el Palacio Municipal de Monterrey, avanzan por la avenida Zuazua y concluyen su manifestaci\u00f3n en la Explanada de los H\u00e9roes.\n\nEs un acto at\u00edpico, bien organizado. La sociedad civil exigiendo sus derechos. Hombres y mujeres j\u00f3venes confluyen con personas de la tercera edad y ni\u00f1os llevados en carreolas o en sus triciclos portando pancartas en las que se leen mensajes que impactan:<\/code><\/pre>\n\n\n\n<p>&#8220;Desde que soy ni\u00f1@ he despertado, comido e ido a la cama sin ver a mi pap\u00e1\/mam\u00e1 porque trabaja defendiendo tus derechos: atentamente todos los hijos de los empleados del Poder Judicial de la Federaci\u00f3n &#8220;, observo en uno de esos carteles que estrujan las fibras m\u00e1s sensibles.<\/p>\n\n\n\n<figure class=\"wp-block-image size-full\"><img loading=\"lazy\" decoding=\"async\" width=\"720\" height=\"540\" src=\"http:\/\/diariodigitalmx.com\/wp-content\/uploads\/2023\/10\/IMG-20231023-WA0001.jpg\" alt=\"\" class=\"wp-image-108030\" srcset=\"https:\/\/diariodigitalmx.com\/wp-content\/uploads\/2023\/10\/IMG-20231023-WA0001.jpg 720w, https:\/\/diariodigitalmx.com\/wp-content\/uploads\/2023\/10\/IMG-20231023-WA0001-300x225.jpg 300w\" sizes=\"(max-width: 720px) 100vw, 720px\" \/><\/figure>\n\n\n\n<p>Ya en el cierre de la marcha en una concentraci\u00f3n frente a los monumentos de Benito Ju\u00e1rez, Jos\u00e9 Mar\u00eda Morelos, Miguel Hidalgo y Mariano Escobedo, la jueza Claudia Hurtado, del Poder Judicial de la Federaci\u00f3n hizo uso de la palabra y en un encendido discurso manifest\u00f3 :<\/p>\n\n\n\n<p>&#8220;Este mensaje es para ti ciudadano; somos del Poder Judicial de la Federaci\u00f3n, magistradas y magistrados; juezas y jueces, sus m\u00e1s de 45 mil profesionistas que trabajamos todos los d\u00edas por M\u00e9xico y para ustedes. Poco saben de nuestra funci\u00f3n, pero nosotros si sabemos cu\u00e1les son tus derechos, no conoces nuestros nombres porque no somos pol\u00edticos. No salimos a la prensa a presumir logros, porque defender tus derechos en forma objetiva en forma imparcial lo entendemos como una obligaci\u00f3n, como nuestra responsabilidad &#8220;.<\/p>\n\n\n\n<p>&#8220;El Poder Judicial de la Federaci\u00f3n, es el amparo que buscas cuando una autoridad violenta tus derechos humanos. Nuestra prudencia se tradujo en silencio para confundir a la sociedad pero ahora no nos van a callar, el Poder Judicial de la Federaci\u00f3n no es tu enemigo y nunca en la historia ha salido a hacer un llamado a la sociedad para que nos d\u00e9 su apoyo, reitero ahora, la voz del pueblo es la voz de una sociedad comprometida que no van a silenciar !no nos van a callar!&#8221;, expres\u00f3 la funcionaria del PJF en medio de ovaciones de la multitud.<\/p>\n\n\n\n<p>En su oportunidad el licenciado Rodrigo Cruz Ovalle tom\u00f3 el micr\u00f3fono para explicar la escencia del movimiento de protesta que se expande &#8220;como reguero de p\u00f3lvora&#8221; por todo M\u00e9xico, en defensa del Poder Judicial de la Federaci\u00f3n, organismo -dijo- que ha dictado en el presente sexenio, m\u00e1s de 12 millones de amparos como protecci\u00f3n de los derechos humanos de mexicanos vulnerables ante las arbitrariedades de las actuales autoridades de gobierno.<\/p>\n\n\n\n<p>&#8221; Se nos ha hecho aparecer como enemigos del pueblo. Nos han insultado, nos han injuriado, nos han calumniado, nos han denostado y recientemente nos han tildado de flojos por participar en actos de protesta como este, incluso han dicho, que el origen de este movimiento es la perdida de privilegios no hay mentira m\u00e1s enga\u00f1osa que tratar de desorientar al pueblo&#8221;, afirm\u00f3 el litigante.<\/p>\n\n\n\n<pre class=\"wp-block-code\"><code>Y sentenci\u00f3:\n\n  \"En este contexto podemos concluir que ante las adversidades que estamos viviendo en la instituci\u00f3n una soluci\u00f3n probable y transformadora ser\u00eda la emisi\u00f3n de un voto reflexivo y \u00fatil en los comicios del 2024\".<\/code><\/pre>\n\n\n\n<p>Los asistentes al evento masivo se despidieron con la convicci\u00f3n de que el Poder Judicial de la Federaci\u00f3n &#8220;no se toca &#8221; y como colof\u00f3n entonaron, en un gesto de patriotismo, el Himno Nacional Mexicano.<\/p>\n","protected":false},"excerpt":{"rendered":"<p>Por: Francisco J. Pe\u00f1a Medina &#8220;\u00a1Yo si trabajo no vivo en un palacio!&#8221;, &#8220;\u00a1Poder Judicial al servicio nacional!&#8221;, &#8220;\u00a1No son privilegios son nuestros derechos&#8221;, &#8220;\u00a1Por actos de venganza M\u00e9xico no avanza!&#8221; y \u00a1Se ve se siente Nuevo Le\u00f3n est\u00e1 presente!&#8221;\u2026 Fueron las consignas con las que inici\u00f3 en Monterrey la marcha de protesta en la [&hellip;]<\/p>\n","protected":false},"author":1,"featured_media":108025,"comment_status":"open","ping_status":"open","sticky":true,"template":"","format":"standard","meta":{"footnotes":""},"categories":[14,3],"tags":[],"_links":{"self":[{"href":"https:\/\/diariodigitalmx.com\/index.php\/wp-json\/wp\/v2\/posts\/108023"}],"collection":[{"href":"https:\/\/diariodigitalmx.com\/index.php\/wp-json\/wp\/v2\/posts"}],"about":[{"href":"https:\/\/diariodigitalmx.com\/index.php\/wp-json\/wp\/v2\/types\/post"}],"author":[{"embeddable":true,"href":"https:\/\/diariodigitalmx.com\/index.php\/wp-json\/wp\/v2\/users\/1"}],"replies":[{"embeddable":true,"href":"https:\/\/diariodigitalmx.com\/index.php\/wp-json\/wp\/v2\/comments?post=108023"}],"version-history":[{"count":4,"href":"https:\/\/diariodigitalmx.com\/index.php\/wp-json\/wp\/v2\/posts\/108023\/revisions"}],"predecessor-version":[{"id":108031,"href":"https:\/\/diariodigitalmx.com\/index.php\/wp-json\/wp\/v2\/posts\/108023\/revisions\/108031"}],"wp:featuredmedia":[{"embeddable":true,"href":"https:\/\/diariodigitalmx.com\/index.php\/wp-json\/wp\/v2\/media\/108025"}],"wp:attachment":[{"href":"https:\/\/diariodigitalmx.com\/index.php\/wp-json\/wp\/v2\/media?parent=108023"}],"wp:term":[{"taxonomy":"category","embeddable":true,"href":"https:\/\/diariodigitalmx.com\/index.php\/wp-json\/wp\/v2\/categories?post=108023"},{"taxonomy":"post_tag","embeddable":true,"href":"https:\/\/diariodigitalmx.com\/index.php\/wp-json\/wp\/v2\/tags?post=108023"}],"curies":[{"name":"wp","href":"https:\/\/api.w.org\/{rel}","templated":true}]}}