{"id":108032,"date":"2023-10-23T07:41:44","date_gmt":"2023-10-23T12:41:44","guid":{"rendered":"http:\/\/diariodigitalmx.com\/?p=108032"},"modified":"2023-10-23T07:42:29","modified_gmt":"2023-10-23T12:42:29","slug":"la-cdmx-lucha-soterrada","status":"publish","type":"post","link":"https:\/\/diariodigitalmx.com\/index.php\/2023\/10\/23\/la-cdmx-lucha-soterrada\/","title":{"rendered":"La CDMX, lucha soterrada"},"content":{"rendered":"\n<p>De frente y de perfil<\/p>\n\n\n\n<p>Ram\u00f3n Zurita Sahag\u00fan <br>Mejor noticia no pudo recibir Santiago Taboada al solicitar licencia a la alcald\u00eda de Benito Ju\u00e1rez: su demarcaci\u00f3n se ubica como la alcald\u00eda m\u00e1s segura del pa\u00eds, por encima de otras, principalmente de las de MORENA y eso lo proyecta a la anhelada candidatura al gobierno de la CDMX.<br>Taboada es un personaje que no representa para nada al prototipo que se busca como abanderado del Frente Amplio por M\u00e9xico, pero si al que describe l partido gobernante y que califica como fif\u00ed y exquisito, producto de los aspiracionistas que buscan arrebatar el principal reducto de MORENA y sus aliados.<br>Resulta curioso que Benito Ju\u00e1rez y Cuajimalpa formen parte de las cinco alcald\u00edas mejor posicionada en cuanto a seguridad y que Taboada y Adri\u00e1n Ruvalcaba (alcalde Cuajimalpa) quien tambi\u00e9n se encuentra en la b\u00fasqueda de la nominaci\u00f3n en la capital del pa\u00eds, resulten mejor ubicados en el rubro de seguridad para una ciudad compleja que quiere ser gobernada por un polic\u00eda, cuyo mayores m\u00e9ritos son lo de ser aliado de Claudia Sheinbaum, aunque sea rechazado por la militancia del partido.<br>Omar Garc\u00eda, no usa su apellido paterno en la b\u00fasqueda de la nominaci\u00f3n de su partido, sino el materno (Harfuch), pues del primero hay recuerdos de la \u201cguerra sucia\u201d y del movimiento del 68, que muchos quieren borrar, sobre todo trat\u00e1ndose de un partido de izquierda que fue goleado por esos dos sucesos.<br>El exsecretario de Seguridad Ciudadana arrib\u00f3 a la capital del pa\u00eds y vendi\u00f3 bien su imagen como polic\u00eda, consiguiendo dos o tres golpes medianamente exitosos, pero que fueron vendidos muy bien, aunque los mismos fueron aplicados en contra de un grupo delincuencial que cada vez tiene mayor presencia en la CDMX, el C\u00e1rtel de la Uni\u00f3n Tepito y sus asociados, que contin\u00faan actuando indiscriminadamente. De Omar hay voces que exigen la aclaraci\u00f3n de su participaci\u00f3n en los sucesos de la tr\u00e1gica noche de Ayotzinapa y su relaci\u00f3n con Genaro Garc\u00eda Luna, donde se mantiene muy oscura la informaci\u00f3n al respecto.<br>Es cierto que baj\u00f3 la incidencia de delitos en algunas zonas de la capital del pa\u00eds, pero lo hizo, principalmente, en las alcald\u00edas gobernadas por la oposici\u00f3n a MORENA.<br>Clara Brugada la tres veces alcaldesa de Iztapalapa logr\u00f3 una buena imagen en sus administraciones y pens\u00f3 que la alcanzaba para gobernar la gran ciudad, pero fue parada en seco y ahora es v\u00edctima de la guerra sucia, filtrando audios en los que habla, supuestamente, de irse del partido, en caso de no ser seleccionada, rompiendo con el pacto que firmaron todos los contendientes a gobernar las nueve entidades en disputa.<br>Omar (Garc\u00eda) Harfuch y Clara Brugada se encuentran enfrascados en una batalla soterrada, sin dar cuartel que puede derivar en que su partido presente un candidato o candidata diezmado y fr\u00e1gil.<br>La oposici\u00f3n debe aprovechar esa guerra interna y presentar en tiempo su candidato o candidata, toda vez que el pr\u00f3ximo 20 de noviembre se inician las precampa\u00f1as y quien los represente debe venir bien fortalecido.<br>Por cierto, L\u00eda Lim\u00f3n es otra de las aspirantes al gobierno de la CDMX y ayer rindi\u00f3 su informe de gobierno en \u00c1lvaro Obreg\u00f3n y fue cuerpeada por lo m\u00e1s granado de las mujeres que forman parte de la alianza del Frente Amplio por M\u00e9xico. X\u00f3chitl G\u00e1lvez, Margarita Zavala y Carolina Viggiano, entre otras.<br>\u2026\u2026\u2026\u2026\u2026\u2026\u2026\u2026\u2026..<br>Email: ramonzurita44@hotmail.com<br>Email: ramonzurita44@gmail.com<\/p>\n","protected":false},"excerpt":{"rendered":"<p>De frente y de perfil Ram\u00f3n Zurita Sahag\u00fan Mejor noticia no pudo recibir Santiago Taboada al solicitar licencia a la alcald\u00eda de Benito Ju\u00e1rez: su demarcaci\u00f3n se ubica como la alcald\u00eda m\u00e1s segura del pa\u00eds, por encima de otras, principalmente de las de MORENA y eso lo proyecta a la anhelada candidatura al gobierno de [&hellip;]<\/p>\n","protected":false},"author":1,"featured_media":108034,"comment_status":"open","ping_status":"open","sticky":true,"template":"","format":"standard","meta":{"footnotes":""},"categories":[14,12],"tags":[],"_links":{"self":[{"href":"https:\/\/diariodigitalmx.com\/index.php\/wp-json\/wp\/v2\/posts\/108032"}],"collection":[{"href":"https:\/\/diariodigitalmx.com\/index.php\/wp-json\/wp\/v2\/posts"}],"about":[{"href":"https:\/\/diariodigitalmx.com\/index.php\/wp-json\/wp\/v2\/types\/post"}],"author":[{"embeddable":true,"href":"https:\/\/diariodigitalmx.com\/index.php\/wp-json\/wp\/v2\/users\/1"}],"replies":[{"embeddable":true,"href":"https:\/\/diariodigitalmx.com\/index.php\/wp-json\/wp\/v2\/comments?post=108032"}],"version-history":[{"count":1,"href":"https:\/\/diariodigitalmx.com\/index.php\/wp-json\/wp\/v2\/posts\/108032\/revisions"}],"predecessor-version":[{"id":108033,"href":"https:\/\/diariodigitalmx.com\/index.php\/wp-json\/wp\/v2\/posts\/108032\/revisions\/108033"}],"wp:featuredmedia":[{"embeddable":true,"href":"https:\/\/diariodigitalmx.com\/index.php\/wp-json\/wp\/v2\/media\/108034"}],"wp:attachment":[{"href":"https:\/\/diariodigitalmx.com\/index.php\/wp-json\/wp\/v2\/media?parent=108032"}],"wp:term":[{"taxonomy":"category","embeddable":true,"href":"https:\/\/diariodigitalmx.com\/index.php\/wp-json\/wp\/v2\/categories?post=108032"},{"taxonomy":"post_tag","embeddable":true,"href":"https:\/\/diariodigitalmx.com\/index.php\/wp-json\/wp\/v2\/tags?post=108032"}],"curies":[{"name":"wp","href":"https:\/\/api.w.org\/{rel}","templated":true}]}}