{"id":108035,"date":"2023-10-23T12:28:55","date_gmt":"2023-10-23T17:28:55","guid":{"rendered":"http:\/\/diariodigitalmx.com\/?p=108035"},"modified":"2023-10-23T12:29:35","modified_gmt":"2023-10-23T17:29:35","slug":"pide-licencia-samuel-al-congreso-se-quiere-ir-de-candidato-presidencial","status":"publish","type":"post","link":"https:\/\/diariodigitalmx.com\/index.php\/2023\/10\/23\/pide-licencia-samuel-al-congreso-se-quiere-ir-de-candidato-presidencial\/","title":{"rendered":"Pide licencia Samuel al Congreso; se quiere ir de candidato presidencial"},"content":{"rendered":"\n<p><br>*Al asumir el gobierno prometido no irse y que estar\u00eda los 6 a\u00f1os como gobernador<br>Monterrey . &#8211; Para separarse del cargo por un plazo de seis meses para contender por la candidatura de Movimiento Ciudadano a la Presidencia de la Rep\u00fablica, el gobernador de Nuevo Le\u00f3n, Samuel Garcia present\u00f3 solicitud de licencia com car\u00e1cter de urgente al Congreso local.<\/p>\n\n\n\n<p>La solicitud fue presentada por escrito por el Consejero Jur\u00eddico del Gobernador, Ulises Carl\u00edn, en la cual se solicita que se turne con car\u00e1cter de urgente para su resoluci\u00f3n.<\/p>\n\n\n\n<p>&#8220;En virtud de lo anterior solicito se turne mi solicitud con car\u00e1cter de urgente y se determine lo conducente a la separaci\u00f3n solicitada mediante la figura de licencia temporal por 6 meses, los cuales se deber\u00e1n de computar antes del d\u00eda de la elecci\u00f3n Presidencial&#8221;, dice la petici\u00f3n firmada por el Gobernador Garc\u00eda Sep\u00falveda.<\/p>\n\n\n\n<p>En lugar de Samuel Garcia estar\u00eda el secretario de Gobierno, Javier Navarro el cual quedar\u00eda como encargado del despacho para darle continuidad y asegurar la Gobernanza en Nuevo Le\u00f3n.<\/p>\n\n\n\n<p>En este octubre, Samuel Garc\u00eda cumpli\u00f3 dos a\u00f1os al frente del gobierno estatal y d\u00edas antes de asumir el cargo, cuando recibi\u00f3 el documento que lo que aceditaba como gobernador electo, asegur\u00f3 que estar\u00eda los seis a\u00f1os y que no se ir\u00eda de la entidad en busca de otro cargo.<\/p>\n\n\n\n<p>Inclusive, su esposa Mariana Rodr\u00edguez reiter\u00f3 que ser\u00eda gobernador los seis a\u00f1os.<\/p>\n\n\n\n<p>La semana pasada el Trife le rechaz\u00f3 una petici\u00f3n en donde solicitaba un juicio para que le dieran la licencia, sin embargo, no procedi\u00f3 porque primero debi\u00f3 solicitarla al Congreso, y en caso de que se le negara, pudiera recurrir a esa instancia.<\/p>\n","protected":false},"excerpt":{"rendered":"<p>*Al asumir el gobierno prometido no irse y que estar\u00eda los 6 a\u00f1os como gobernadorMonterrey . &#8211; Para separarse del cargo por un plazo de seis meses para contender por la candidatura de Movimiento Ciudadano a la Presidencia de la Rep\u00fablica, el gobernador de Nuevo Le\u00f3n, Samuel Garcia present\u00f3 solicitud de licencia com car\u00e1cter de [&hellip;]<\/p>\n","protected":false},"author":1,"featured_media":108037,"comment_status":"open","ping_status":"open","sticky":true,"template":"","format":"standard","meta":{"footnotes":""},"categories":[6,3],"tags":[],"_links":{"self":[{"href":"https:\/\/diariodigitalmx.com\/index.php\/wp-json\/wp\/v2\/posts\/108035"}],"collection":[{"href":"https:\/\/diariodigitalmx.com\/index.php\/wp-json\/wp\/v2\/posts"}],"about":[{"href":"https:\/\/diariodigitalmx.com\/index.php\/wp-json\/wp\/v2\/types\/post"}],"author":[{"embeddable":true,"href":"https:\/\/diariodigitalmx.com\/index.php\/wp-json\/wp\/v2\/users\/1"}],"replies":[{"embeddable":true,"href":"https:\/\/diariodigitalmx.com\/index.php\/wp-json\/wp\/v2\/comments?post=108035"}],"version-history":[{"count":1,"href":"https:\/\/diariodigitalmx.com\/index.php\/wp-json\/wp\/v2\/posts\/108035\/revisions"}],"predecessor-version":[{"id":108036,"href":"https:\/\/diariodigitalmx.com\/index.php\/wp-json\/wp\/v2\/posts\/108035\/revisions\/108036"}],"wp:featuredmedia":[{"embeddable":true,"href":"https:\/\/diariodigitalmx.com\/index.php\/wp-json\/wp\/v2\/media\/108037"}],"wp:attachment":[{"href":"https:\/\/diariodigitalmx.com\/index.php\/wp-json\/wp\/v2\/media?parent=108035"}],"wp:term":[{"taxonomy":"category","embeddable":true,"href":"https:\/\/diariodigitalmx.com\/index.php\/wp-json\/wp\/v2\/categories?post=108035"},{"taxonomy":"post_tag","embeddable":true,"href":"https:\/\/diariodigitalmx.com\/index.php\/wp-json\/wp\/v2\/tags?post=108035"}],"curies":[{"name":"wp","href":"https:\/\/api.w.org\/{rel}","templated":true}]}}