{"id":10804,"date":"2019-08-27T22:27:37","date_gmt":"2019-08-28T03:27:37","guid":{"rendered":"http:\/\/diariodigitalmx.com\/?p=10804"},"modified":"2019-08-27T22:28:43","modified_gmt":"2019-08-28T03:28:43","slug":"rescatan-a-50-migrantes-no-estaba-walter-ayovi-pero-si-un-presunto-primo-del-ex-rayado","status":"publish","type":"post","link":"https:\/\/diariodigitalmx.com\/index.php\/2019\/08\/27\/rescatan-a-50-migrantes-no-estaba-walter-ayovi-pero-si-un-presunto-primo-del-ex-rayado\/","title":{"rendered":"Rescatan a 50 migrantes; no estaba Walter Ayov\u00ed, pero si un presunto primo del ex Rayado"},"content":{"rendered":"\n<p>Jessica Leal<\/p>\n\n\n\n<p>Monterrey, N. L- Las autoridades federales rescataron de una casa en el municipio de Guadalupe a 50 migrantes pero rechazaron que entre ellos se encontrar\u00e1 el ex jugador ecuatoriano de los Rayados de Monterrey, Pachuca y Dorados de Sinaloa, Walter Ayov\u00ed.<br><\/p>\n\n\n\n<p>Durante el martes corri\u00f3 la versi\u00f3n de que el ex jugador habr\u00eda sido secuestrado y rescatado pero tambi\u00e9n que, se le detuvo por secuestro. Ambas versiones fueron negadas por fuentes del Instituto Nacional de Migraci\u00f3n.<br><\/p>\n\n\n\n<p>Inclusive el ex presidente de Rayados de Monterrey, el ex jugador Luis Miguel Salvador tambi\u00e9n neg\u00f3 los hechos y dijo en su cuenta de Twitter que era falsa la versi\u00f3n y que Ayov\u00ed estaba muy bien.<\/p>\n\n\n\n<p><br><\/p>\n\n\n\n<figure class=\"wp-block-image\"><img loading=\"lazy\" decoding=\"async\" width=\"997\" height=\"623\" src=\"http:\/\/diariodigitalmx.com\/wp-content\/uploads\/2019\/08\/Screenshot_20190827-2119422.png\" alt=\"\" class=\"wp-image-10807\" srcset=\"https:\/\/diariodigitalmx.com\/wp-content\/uploads\/2019\/08\/Screenshot_20190827-2119422.png 997w, https:\/\/diariodigitalmx.com\/wp-content\/uploads\/2019\/08\/Screenshot_20190827-2119422-300x187.png 300w, https:\/\/diariodigitalmx.com\/wp-content\/uploads\/2019\/08\/Screenshot_20190827-2119422-768x480.png 768w\" sizes=\"(max-width: 997px) 100vw, 997px\" \/><\/figure>\n\n\n\n<p>El rescate de los migrantes se realiz\u00f3 en una casa marcada con el n\u00famero 431 de la calle Sheffield en la colonia Pedregal de Linda Vista al oriente de la zona conurbada regia.<br><\/p>\n\n\n\n<p>Ah\u00ed se encontraban entre los migrantes 14 menores&nbsp; de edad y una persona de apellido Ayov\u00ed que aseguraba es primo del ex jugador.<br><\/p>\n\n\n\n<p>En total fueron 45 hondure\u00f1os, dos salvadore\u00f1os y tres guatemaltecos.<br><\/p>\n\n\n\n<p>Este ecuatoriano que se dice primo de Ayov\u00ed fue detenido por la Fiscal\u00eda General de la Rep\u00fablica ya que tambi\u00e9n era buscado por la SIEDO.<\/p>\n\n\n\n<p><br><\/p>\n\n\n\n<figure class=\"wp-block-image\"><img loading=\"lazy\" decoding=\"async\" width=\"940\" height=\"615\" src=\"http:\/\/diariodigitalmx.com\/wp-content\/uploads\/2019\/08\/cropw0h0men.jpg\" alt=\"\" class=\"wp-image-10809\" srcset=\"https:\/\/diariodigitalmx.com\/wp-content\/uploads\/2019\/08\/cropw0h0men.jpg 940w, https:\/\/diariodigitalmx.com\/wp-content\/uploads\/2019\/08\/cropw0h0men-300x196.jpg 300w, https:\/\/diariodigitalmx.com\/wp-content\/uploads\/2019\/08\/cropw0h0men-768x502.jpg 768w\" sizes=\"(max-width: 940px) 100vw, 940px\" \/><\/figure>\n\n\n\n<p>Se le retuvo para investigar si hab\u00eda sido privado de la libertad o estaba implicado con el grupo de secuestradores.<br><\/p>\n\n\n\n<p>Posteriormente a trav\u00e9s de un bolet\u00edn, la Coordinaci\u00f3n Nacional Antisecuestros y la Divisi\u00f3n de Investigaci\u00f3n de la Polic\u00eda Federal inform\u00f3 que&nbsp; iniciaron una indagatoria, tras recibir la solicitud de colaboraci\u00f3n del Vicec\u00f3nsul guatemalteco en la Rep\u00fablica Mexicana para tratar de dar con el paradero de tres migrantes, cuyo \u00faltimo registro hab\u00eda sido en Nuevo Le\u00f3n.<br><\/p>\n\n\n\n<p>Con la informaci\u00f3n obtenida, la Fiscal\u00eda General de la Rep\u00fablica determin\u00f3 que podr\u00edan estar en Guadalupe.<br><\/p>\n\n\n\n<p>Walter Ayov\u00ed estuvo en Monterrey el fin de semana donde asisti\u00f3 al juego entre Tigres y Am\u00e9rica.<\/p>\n\n\n\n<p><\/p>\n\n\n\n<p><\/p>\n","protected":false},"excerpt":{"rendered":"<p>Jessica Leal Monterrey, N. L- Las autoridades federales rescataron de una casa en el municipio de Guadalupe a 50 migrantes pero rechazaron que entre ellos se encontrar\u00e1 el ex jugador ecuatoriano de los Rayados de Monterrey, Pachuca y Dorados de Sinaloa, Walter Ayov\u00ed. Durante el martes corri\u00f3 la versi\u00f3n de que el ex jugador habr\u00eda [&hellip;]<\/p>\n","protected":false},"author":1,"featured_media":10806,"comment_status":"open","ping_status":"open","sticky":true,"template":"","format":"standard","meta":{"footnotes":""},"categories":[6],"tags":[],"_links":{"self":[{"href":"https:\/\/diariodigitalmx.com\/index.php\/wp-json\/wp\/v2\/posts\/10804"}],"collection":[{"href":"https:\/\/diariodigitalmx.com\/index.php\/wp-json\/wp\/v2\/posts"}],"about":[{"href":"https:\/\/diariodigitalmx.com\/index.php\/wp-json\/wp\/v2\/types\/post"}],"author":[{"embeddable":true,"href":"https:\/\/diariodigitalmx.com\/index.php\/wp-json\/wp\/v2\/users\/1"}],"replies":[{"embeddable":true,"href":"https:\/\/diariodigitalmx.com\/index.php\/wp-json\/wp\/v2\/comments?post=10804"}],"version-history":[{"count":3,"href":"https:\/\/diariodigitalmx.com\/index.php\/wp-json\/wp\/v2\/posts\/10804\/revisions"}],"predecessor-version":[{"id":10810,"href":"https:\/\/diariodigitalmx.com\/index.php\/wp-json\/wp\/v2\/posts\/10804\/revisions\/10810"}],"wp:featuredmedia":[{"embeddable":true,"href":"https:\/\/diariodigitalmx.com\/index.php\/wp-json\/wp\/v2\/media\/10806"}],"wp:attachment":[{"href":"https:\/\/diariodigitalmx.com\/index.php\/wp-json\/wp\/v2\/media?parent=10804"}],"wp:term":[{"taxonomy":"category","embeddable":true,"href":"https:\/\/diariodigitalmx.com\/index.php\/wp-json\/wp\/v2\/categories?post=10804"},{"taxonomy":"post_tag","embeddable":true,"href":"https:\/\/diariodigitalmx.com\/index.php\/wp-json\/wp\/v2\/tags?post=10804"}],"curies":[{"name":"wp","href":"https:\/\/api.w.org\/{rel}","templated":true}]}}