{"id":108051,"date":"2023-10-23T20:21:43","date_gmt":"2023-10-24T01:21:43","guid":{"rendered":"http:\/\/diariodigitalmx.com\/?p=108051"},"modified":"2023-10-23T20:30:44","modified_gmt":"2023-10-24T01:30:44","slug":"no-habra-problema-para-dar-licencia-a-samuel-garcia-pero-el-congreso-decide-quien-se-queda-en-su-lugar-y-no-el","status":"publish","type":"post","link":"https:\/\/diariodigitalmx.com\/index.php\/2023\/10\/23\/no-habra-problema-para-dar-licencia-a-samuel-garcia-pero-el-congreso-decide-quien-se-queda-en-su-lugar-y-no-el\/","title":{"rendered":"No habr\u00e1 problema para dar licencia a Samuel Garc\u00eda, pero el Congreso decide qui\u00e9n se queda en su lugar y no \u00e9l"},"content":{"rendered":"\n<p>Monterrey . &#8211; Samuel Garc\u00eda present\u00f3 solicitud de licencia para buscar contender por la presidencia de la Rep\u00fablica, y la Comisio\u0301n de Gobernaci\u00f3n del Congreso de Nuevo Le\u00f3n le dio entrada a la petici\u00f3n que se recibi\u00f3 en la Oficial\u00eda de Partes.<\/p>\n\n\n\n<p>Aunque no se vislumbra ning\u00fan obst\u00e1culo para otorgarle la licencia por seis meses al gobernador, el coordinador de los diputados de la mayor\u00eda panista, Carlos de la Fuente, aclar\u00f3 que corresponde al Congreso nombrar al gobernante interino y no a Samuel Garc\u00eda, que ha propuesto al secretario de Gobierno, Javier Navarro.<\/p>\n\n\n\n<p>Sin embargo, el \u00e1rea jur\u00eddica del Congreso analiza la petici\u00f3n porque la susenta en el Art\u00edculo 121 de la Constituci\u00f3n local que se\u00f1ala que cuando las licencias sean menores de 30 d\u00edas, el gobernador decide quien es el interino, en este caso propone al secretario de Gobierno.<\/p>\n\n\n\n<p>Pero lo que solicita de seis meses en el Art\u00edculo 122 de la misma Constituci\u00f3n refiere a los seis meses pero se\u00f1ala que es el Congreso quien decide el gobernador interino.<\/p>\n\n\n\n<p>De la Fuente abund\u00f3 que dar\u00e1n celeridad al asunto, sin embargo, hay puntos que deben ser aclarados, porque tal vez el Ejecutivo est\u00e9 fundamentando mal su solicitud, pues promueve para dejar en el cargo a Javier Navarro, Secretario General de Gobierno.<\/p>\n\n\n\n<p>&#8220;Estamos viendo el alcance de su solicitud porque eso de que haga menci\u00f3n al 121 constitucional y diga que el Secretario General de Gobierno es quien se quedar\u00e1 como encargado del Despacho, pues no, no se puede quedar el Secretario, por eso es que hay que ver cu\u00e1l es la jiribilla que trae, no s\u00e9 si est\u00e9 pensando en irse antes, con una licencia de 30 d\u00edas previos&#8221;.<\/p>\n\n\n\n<p>Por lo que respecta a la licencia, De la Fuente expuso que se tiene que dar porque la Sala Superior del Trife a acot\u00f3 el tema, y si no se la da el Congreso, all\u00e1 se la dar\u00e1n.<\/p>\n","protected":false},"excerpt":{"rendered":"<p>Monterrey . &#8211; Samuel Garc\u00eda present\u00f3 solicitud de licencia para buscar contender por la presidencia de la Rep\u00fablica, y la Comisio\u0301n de Gobernaci\u00f3n del Congreso de Nuevo Le\u00f3n le dio entrada a la petici\u00f3n que se recibi\u00f3 en la Oficial\u00eda de Partes. Aunque no se vislumbra ning\u00fan obst\u00e1culo para otorgarle la licencia por seis meses [&hellip;]<\/p>\n","protected":false},"author":1,"featured_media":108054,"comment_status":"open","ping_status":"open","sticky":true,"template":"","format":"standard","meta":{"footnotes":""},"categories":[6,3],"tags":[],"_links":{"self":[{"href":"https:\/\/diariodigitalmx.com\/index.php\/wp-json\/wp\/v2\/posts\/108051"}],"collection":[{"href":"https:\/\/diariodigitalmx.com\/index.php\/wp-json\/wp\/v2\/posts"}],"about":[{"href":"https:\/\/diariodigitalmx.com\/index.php\/wp-json\/wp\/v2\/types\/post"}],"author":[{"embeddable":true,"href":"https:\/\/diariodigitalmx.com\/index.php\/wp-json\/wp\/v2\/users\/1"}],"replies":[{"embeddable":true,"href":"https:\/\/diariodigitalmx.com\/index.php\/wp-json\/wp\/v2\/comments?post=108051"}],"version-history":[{"count":1,"href":"https:\/\/diariodigitalmx.com\/index.php\/wp-json\/wp\/v2\/posts\/108051\/revisions"}],"predecessor-version":[{"id":108052,"href":"https:\/\/diariodigitalmx.com\/index.php\/wp-json\/wp\/v2\/posts\/108051\/revisions\/108052"}],"wp:featuredmedia":[{"embeddable":true,"href":"https:\/\/diariodigitalmx.com\/index.php\/wp-json\/wp\/v2\/media\/108054"}],"wp:attachment":[{"href":"https:\/\/diariodigitalmx.com\/index.php\/wp-json\/wp\/v2\/media?parent=108051"}],"wp:term":[{"taxonomy":"category","embeddable":true,"href":"https:\/\/diariodigitalmx.com\/index.php\/wp-json\/wp\/v2\/categories?post=108051"},{"taxonomy":"post_tag","embeddable":true,"href":"https:\/\/diariodigitalmx.com\/index.php\/wp-json\/wp\/v2\/tags?post=108051"}],"curies":[{"name":"wp","href":"https:\/\/api.w.org\/{rel}","templated":true}]}}