{"id":108055,"date":"2023-10-23T20:34:03","date_gmt":"2023-10-24T01:34:03","guid":{"rendered":"http:\/\/diariodigitalmx.com\/?p=108055"},"modified":"2023-10-23T20:37:05","modified_gmt":"2023-10-24T01:37:05","slug":"ip-de-nl-pide-a-samuel-garcia-de-cumplir-palabra-de-no-irse-y-seguir-al-frente-del-gobierno","status":"publish","type":"post","link":"https:\/\/diariodigitalmx.com\/index.php\/2023\/10\/23\/ip-de-nl-pide-a-samuel-garcia-de-cumplir-palabra-de-no-irse-y-seguir-al-frente-del-gobierno\/","title":{"rendered":"IP de NL pide a Samuel Garc\u00eda cumplir palabra de no irse y seguir al frente del gobierno"},"content":{"rendered":"\n<p><br>Monterrey.- El sector privado mostr\u00f3 preocupaci\u00f3n por el inter\u00e9s del gobernador Samuel Garc\u00eda de pausar su gobierno para buscar la candidatura presidencial, y le solicit\u00f3 cumpla su palabra de quedarse los seis a\u00f1os en Nuevo Le\u00f3n.<br>A trav\u00e9s de un comunicado la C\u00e1mara de la Industria de la Transformaci\u00f3n de Nuevo Le\u00f3n, la Coparmex y la Canaco, fijan su postura sobre la solicitud de licencia que hizo al Congreso local, el gobernador Samuel Garc\u00eda.<br>Reconocen el derecho constitucional a contender en una elecci\u00f3n, pero destacan los organismos privados, que, es motivo de inquietud que, por segunda vez consecutiva, un gobernador durante su mandato considere la posibilidad de pausar su ejercicio de gobierno y aspirar a un proyecto electoral de alcance nacional.<br>&#8220;En este contexto, manifestamos nuestra preocupaci\u00f3n y hacemos un llamado a aquellos que desempe\u00f1an cargos p\u00fablicos, a que honren la responsabilidad que han asumido ante los ciudadanos que, mediante el voto popular, les otorgaron su respaldo. Esta responsabilidad conlleva la gesti\u00f3n \u00e9tica y ejemplar de sus funciones con una dedicaci\u00f3n concentrada y el cumplimiento \u00edntegro de su mandato&#8221;.<br>&#8220;Subrayamos la importancia del compromiso que el Gobernador Samuel Garc\u00eda Sep\u00falveda asumi\u00f3 con los habitantes de Nuevo Le\u00f3n. Consideramos que el cumplimiento de la palabra empe\u00f1ada ante la ciudadan\u00eda y la atenci\u00f3n a los problemas y oportunidades hist\u00f3ricas de nuestro estado deben continuar siendo la m\u00e1xima prioridad del Gobernador&#8221;, asumen.<br>Ante las oportunidades que se presentan en el horizonte econ\u00f3mico y los retos actuales, el gobierno de Nuevo Le\u00f3n debe seguir con paso firme para impulsar el desarrollo y concluir todos los proyectos considerados en el plan estatal 2021-2027, a\u00f1aden en su postura que tambien firman Index, CAPROBI y CANADEVI.<\/p>\n","protected":false},"excerpt":{"rendered":"<p>Monterrey.- El sector privado mostr\u00f3 preocupaci\u00f3n por el inter\u00e9s del gobernador Samuel Garc\u00eda de pausar su gobierno para buscar la candidatura presidencial, y le solicit\u00f3 cumpla su palabra de quedarse los seis a\u00f1os en Nuevo Le\u00f3n.A trav\u00e9s de un comunicado la C\u00e1mara de la Industria de la Transformaci\u00f3n de Nuevo Le\u00f3n, la Coparmex y la [&hellip;]<\/p>\n","protected":false},"author":1,"featured_media":108057,"comment_status":"open","ping_status":"open","sticky":true,"template":"","format":"standard","meta":{"footnotes":""},"categories":[6,3],"tags":[],"_links":{"self":[{"href":"https:\/\/diariodigitalmx.com\/index.php\/wp-json\/wp\/v2\/posts\/108055"}],"collection":[{"href":"https:\/\/diariodigitalmx.com\/index.php\/wp-json\/wp\/v2\/posts"}],"about":[{"href":"https:\/\/diariodigitalmx.com\/index.php\/wp-json\/wp\/v2\/types\/post"}],"author":[{"embeddable":true,"href":"https:\/\/diariodigitalmx.com\/index.php\/wp-json\/wp\/v2\/users\/1"}],"replies":[{"embeddable":true,"href":"https:\/\/diariodigitalmx.com\/index.php\/wp-json\/wp\/v2\/comments?post=108055"}],"version-history":[{"count":2,"href":"https:\/\/diariodigitalmx.com\/index.php\/wp-json\/wp\/v2\/posts\/108055\/revisions"}],"predecessor-version":[{"id":108058,"href":"https:\/\/diariodigitalmx.com\/index.php\/wp-json\/wp\/v2\/posts\/108055\/revisions\/108058"}],"wp:featuredmedia":[{"embeddable":true,"href":"https:\/\/diariodigitalmx.com\/index.php\/wp-json\/wp\/v2\/media\/108057"}],"wp:attachment":[{"href":"https:\/\/diariodigitalmx.com\/index.php\/wp-json\/wp\/v2\/media?parent=108055"}],"wp:term":[{"taxonomy":"category","embeddable":true,"href":"https:\/\/diariodigitalmx.com\/index.php\/wp-json\/wp\/v2\/categories?post=108055"},{"taxonomy":"post_tag","embeddable":true,"href":"https:\/\/diariodigitalmx.com\/index.php\/wp-json\/wp\/v2\/tags?post=108055"}],"curies":[{"name":"wp","href":"https:\/\/api.w.org\/{rel}","templated":true}]}}