{"id":108099,"date":"2023-10-24T14:45:37","date_gmt":"2023-10-24T19:45:37","guid":{"rendered":"http:\/\/diariodigitalmx.com\/?p=108099"},"modified":"2023-10-24T14:46:30","modified_gmt":"2023-10-24T19:46:30","slug":"poder-judicial-no-se-toca-ni-con-el-petalo-de-una-rosa-macario-rodriguez","status":"publish","type":"post","link":"https:\/\/diariodigitalmx.com\/index.php\/2023\/10\/24\/poder-judicial-no-se-toca-ni-con-el-petalo-de-una-rosa-macario-rodriguez\/","title":{"rendered":"Poder Judicial no se toca ni con el p\u00e9talo de una rosa: Macario Rodr\u00edguez"},"content":{"rendered":"\n<p>*Se solidariza Macario Rodr\u00edguez a jueces y magistrados del Poder Judicial<\/p>\n\n\n\n<p>Monterrey.- Al asegurar que el Poder Judicial no se toca ni con el p\u00e9talo de una rosa, el ex diputado federal del PAN, Macario Rodr\u00edguez Rivera, manifest\u00f3 su solidaridad con los trabajadores del m\u00e1ximo representante de justicia del pa\u00eds.<\/p>\n\n\n\n<p>Esto luego que el presidente Andr\u00e9s Manuel L\u00f3pez Obrador anunciara que presentar\u00e1 una iniciativa de reforma para reducir fideicomisos y sueldos, adem\u00e1s de eliminar los privilegios de ministros, jueces y magistrados.<\/p>\n\n\n\n<p>\u201cA m\u00ed me toc\u00f3 cuando fui diputado federal estar de acuerdo con la formaci\u00f3n del Consejo de la Judicatura Federal, porque los jueces y magistrados adolec\u00edan en toda la Rep\u00fablica de muchos recursos y de muchos apoyos econ\u00f3micos\u201d, dijo hoy en rueda de prensa Rodr\u00edguez Rivera.<\/p>\n\n\n\n<p>A\u00f1adi\u00f3 que en esa \u00e9poca se aprob\u00f3 que fuera una plena autonom\u00eda de un Poder Judicial tan importante en M\u00e9xico, \u201cen todo el transcurso de los cien a\u00f1os de la Independencia y de la Revoluci\u00f3n. Pero no una autonom\u00eda solamente constitucional, sino tambi\u00e9n administrativa\u201d.<\/p>\n\n\n\n<p>El ex legislador panista se\u00f1al\u00f3 que nunca hab\u00eda sido tan pisoteado como hoy el Poder Judicial en la forma que lo est\u00e1 haciendo el Poder Ejecutivo, \u201cque casi humilla\u201d.<\/p>\n\n\n\n<p>\u201cVengo a solidarizarme con los compa\u00f1eros magistrados, jueces y ministros de la Suprema Corte de Justicia en su lucha por que no se dejen. No se dejen de un Poder Ejecutivo, que tambi\u00e9n tiene manipulado, y a sus pies, al Poder Legislativo\u201d, expres\u00f3 el licenciado Macario Rodr\u00edguez.<\/p>\n\n\n\n<p>Y recalc\u00f3: \u201cNo estamos de acuerdo los mexicanos en que se toque, ni con el p\u00e9talo de una rosa, al Poder Judicial que tanto nos ha costado para que se forme su autonom\u00eda\u201d.<\/p>\n\n\n\n<p>\u201cNo se dejen. No nos dejaremos, los ciudadanos mexicanos conscientes de la divisi\u00f3n de poderes, estaremos como hoy, apoyando para que este se\u00f1or que maneja el Ejecutivo, que dizque pretenden democratizar un poder formado por jueces y magistrados que conocemos su carrera judicial a trav\u00e9s de los a\u00f1os y la respetamos, porque ellos s\u00ed imparten justicia, no como el Poder Ejecutivo que reparte dinero\u201d, afirm\u00f3.<\/p>\n\n\n\n<p>\u201cNosotros defenderemos al Poder Judicial y a todos sus trabajadores que merecen respeto por parte del Ejecutivo\u201d, advirti\u00f3 el ex diputado federal, Macario Rodr\u00edguez.<\/p>\n\n\n\n<p>Cabe mencionar que el ex legislador panista acudi\u00f3 ayer a las sedes del Poder Judicial para expresarles su apoyo a los trabajadores.<\/p>\n","protected":false},"excerpt":{"rendered":"<p>*Se solidariza Macario Rodr\u00edguez a jueces y magistrados del Poder Judicial Monterrey.- Al asegurar que el Poder Judicial no se toca ni con el p\u00e9talo de una rosa, el ex diputado federal del PAN, Macario Rodr\u00edguez Rivera, manifest\u00f3 su solidaridad con los trabajadores del m\u00e1ximo representante de justicia del pa\u00eds. Esto luego que el presidente [&hellip;]<\/p>\n","protected":false},"author":1,"featured_media":108101,"comment_status":"open","ping_status":"open","sticky":true,"template":"","format":"standard","meta":{"footnotes":""},"categories":[14,6],"tags":[],"_links":{"self":[{"href":"https:\/\/diariodigitalmx.com\/index.php\/wp-json\/wp\/v2\/posts\/108099"}],"collection":[{"href":"https:\/\/diariodigitalmx.com\/index.php\/wp-json\/wp\/v2\/posts"}],"about":[{"href":"https:\/\/diariodigitalmx.com\/index.php\/wp-json\/wp\/v2\/types\/post"}],"author":[{"embeddable":true,"href":"https:\/\/diariodigitalmx.com\/index.php\/wp-json\/wp\/v2\/users\/1"}],"replies":[{"embeddable":true,"href":"https:\/\/diariodigitalmx.com\/index.php\/wp-json\/wp\/v2\/comments?post=108099"}],"version-history":[{"count":1,"href":"https:\/\/diariodigitalmx.com\/index.php\/wp-json\/wp\/v2\/posts\/108099\/revisions"}],"predecessor-version":[{"id":108100,"href":"https:\/\/diariodigitalmx.com\/index.php\/wp-json\/wp\/v2\/posts\/108099\/revisions\/108100"}],"wp:featuredmedia":[{"embeddable":true,"href":"https:\/\/diariodigitalmx.com\/index.php\/wp-json\/wp\/v2\/media\/108101"}],"wp:attachment":[{"href":"https:\/\/diariodigitalmx.com\/index.php\/wp-json\/wp\/v2\/media?parent=108099"}],"wp:term":[{"taxonomy":"category","embeddable":true,"href":"https:\/\/diariodigitalmx.com\/index.php\/wp-json\/wp\/v2\/categories?post=108099"},{"taxonomy":"post_tag","embeddable":true,"href":"https:\/\/diariodigitalmx.com\/index.php\/wp-json\/wp\/v2\/tags?post=108099"}],"curies":[{"name":"wp","href":"https:\/\/api.w.org\/{rel}","templated":true}]}}