{"id":108107,"date":"2023-10-24T18:53:12","date_gmt":"2023-10-24T23:53:12","guid":{"rendered":"http:\/\/diariodigitalmx.com\/?p=108107"},"modified":"2023-10-24T18:55:55","modified_gmt":"2023-10-24T23:55:55","slug":"tradicion-maya-cada-ano-familiares-limpian-los-huesos-de-sus-difuntos","status":"publish","type":"post","link":"https:\/\/diariodigitalmx.com\/index.php\/2023\/10\/24\/tradicion-maya-cada-ano-familiares-limpian-los-huesos-de-sus-difuntos\/","title":{"rendered":"Tradici\u00f3n Maya: Cada a\u00f1o, familiares limpian los huesos de sus difuntos"},"content":{"rendered":"\n<figure class=\"wp-block-image size-large\"><img loading=\"lazy\" decoding=\"async\" width=\"1024\" height=\"683\" src=\"http:\/\/diariodigitalmx.com\/wp-content\/uploads\/2023\/10\/IMG-20231024-WA0143-1024x683.jpg\" alt=\"\" class=\"wp-image-108110\" srcset=\"https:\/\/diariodigitalmx.com\/wp-content\/uploads\/2023\/10\/IMG-20231024-WA0143-1024x683.jpg 1024w, https:\/\/diariodigitalmx.com\/wp-content\/uploads\/2023\/10\/IMG-20231024-WA0143-300x200.jpg 300w, https:\/\/diariodigitalmx.com\/wp-content\/uploads\/2023\/10\/IMG-20231024-WA0143-768x512.jpg 768w, https:\/\/diariodigitalmx.com\/wp-content\/uploads\/2023\/10\/IMG-20231024-WA0143.jpg 1488w\" sizes=\"(max-width: 1024px) 100vw, 1024px\" \/><\/figure>\n\n\n\n<p>Charlas de taberna <\/p>\n\n\n\n<p>Marcos H.  Valerio<\/p>\n\n\n\n<p>Existe una tradici\u00f3n maya que cada D\u00eda de Muertos en el cementerio de Pomuch, los familiares de los fieles difuntos acuden a lavar sus huesos. Del 21 de octubre al 2 de noviembre se lleva acab\u00f3 este rito llamado choo ba\u2019ak.<\/p>\n\n\n\n<p>Adem\u00e1s, les cambian la ropa o manto, que consiste en un pa\u00f1o bordado con su nombre o figura que se colocan en la caja adornada que resguarda los huesos.<\/p>\n\n\n\n<figure class=\"wp-block-image size-large\"><img loading=\"lazy\" decoding=\"async\" width=\"1024\" height=\"682\" src=\"http:\/\/diariodigitalmx.com\/wp-content\/uploads\/2023\/10\/IMG-20231024-WA0142-1024x682.jpg\" alt=\"\" class=\"wp-image-108112\" srcset=\"https:\/\/diariodigitalmx.com\/wp-content\/uploads\/2023\/10\/IMG-20231024-WA0142-1024x682.jpg 1024w, https:\/\/diariodigitalmx.com\/wp-content\/uploads\/2023\/10\/IMG-20231024-WA0142-300x200.jpg 300w, https:\/\/diariodigitalmx.com\/wp-content\/uploads\/2023\/10\/IMG-20231024-WA0142-768x512.jpg 768w, https:\/\/diariodigitalmx.com\/wp-content\/uploads\/2023\/10\/IMG-20231024-WA0142.jpg 1280w\" sizes=\"(max-width: 1024px) 100vw, 1024px\" \/><\/figure>\n\n\n\n<p>El sepulturero, don Venancio, explica que, para sacar el cuerpo del difunto, fraccionarlo y transportarlo al osario, primero tiene que transcurrir tres a\u00f1os como m\u00ednimo de su defunci\u00f3n.<\/p>\n\n\n\n<p>Una vez que se asearon los huesos, los familiares realizan el hanal pix\u00e1n, que significa &#8220;comida de las \u00e1nimas&#8221;, es una tradici\u00f3n del pueblo maya que se lleva a cabo para recordar de una manera especial a los amigos y parientes que se adelantaron en el viaje eterno.<\/p>\n\n\n\n<figure class=\"wp-block-image size-large\"><img loading=\"lazy\" decoding=\"async\" width=\"1024\" height=\"682\" src=\"http:\/\/diariodigitalmx.com\/wp-content\/uploads\/2023\/10\/IMG-20231024-WA0145-1024x682.jpg\" alt=\"\" class=\"wp-image-108114\" srcset=\"https:\/\/diariodigitalmx.com\/wp-content\/uploads\/2023\/10\/IMG-20231024-WA0145-1024x682.jpg 1024w, https:\/\/diariodigitalmx.com\/wp-content\/uploads\/2023\/10\/IMG-20231024-WA0145-300x200.jpg 300w, https:\/\/diariodigitalmx.com\/wp-content\/uploads\/2023\/10\/IMG-20231024-WA0145-768x512.jpg 768w, https:\/\/diariodigitalmx.com\/wp-content\/uploads\/2023\/10\/IMG-20231024-WA0145.jpg 1280w\" sizes=\"(max-width: 1024px) 100vw, 1024px\" \/><\/figure>\n\n\n\n<p>El 1 y 2 de noviembre se realiza la misa en el cementerio del pueblo y las familias acuden muy puntuales y alegres pues van a recibir a sus difuntos. Con ello culmina la celebraci\u00f3n del D\u00eda de Muertos en el poblado.<\/p>\n\n\n\n<p>Por su parte, do\u00f1a Teresa de Jes\u00fas habitante de Pomuch, coment\u00f3 que llevas m\u00e1s de 20 a\u00f1os realizando la limpieza de huesos de sus antepasados, el cual, aprendi\u00f3 de su pap\u00e1 y posteriormente ella a sus hijos sin negarse a seguir con esta tradici\u00f3n.<\/p>\n\n\n\n<figure class=\"wp-block-image size-large\"><img loading=\"lazy\" decoding=\"async\" width=\"1024\" height=\"682\" src=\"http:\/\/diariodigitalmx.com\/wp-content\/uploads\/2023\/10\/IMG-20231024-WA0144-1024x682.jpg\" alt=\"\" class=\"wp-image-108117\" srcset=\"https:\/\/diariodigitalmx.com\/wp-content\/uploads\/2023\/10\/IMG-20231024-WA0144-1024x682.jpg 1024w, https:\/\/diariodigitalmx.com\/wp-content\/uploads\/2023\/10\/IMG-20231024-WA0144-300x200.jpg 300w, https:\/\/diariodigitalmx.com\/wp-content\/uploads\/2023\/10\/IMG-20231024-WA0144-768x512.jpg 768w, https:\/\/diariodigitalmx.com\/wp-content\/uploads\/2023\/10\/IMG-20231024-WA0144.jpg 1280w\" sizes=\"(max-width: 1024px) 100vw, 1024px\" \/><\/figure>\n\n\n\n<p>Cabe destacar que el 30 de octubre de 2017 \u201cLa limpieza de los santos restos ritual funerario de la comunidad maya de Pomuch\u201d fue inscrito al Patrimonio Cultural del Estado de Campeche.<\/p>\n\n\n\n<p>TRADICI\u00d3N QUE SE NIEGA A MORIR<\/p>\n\n\n\n<p>Don Jos\u00e9 Dzul de 70 a\u00f1os de edad, habitante del municipio de Pomuch, Campeche, lleva m\u00e1s de 55 a\u00f1os realizando la tradici\u00f3n de la limpieza de huesos y cambio de manto de sus antepasados, el cual, fue ense\u00f1anza de su abuelo y pap\u00e1, ya que es una tradici\u00f3n maya que hasta la fecha sobrevive.<\/p>\n\n\n\n<figure class=\"wp-block-image size-large\"><img loading=\"lazy\" decoding=\"async\" width=\"1024\" height=\"682\" src=\"http:\/\/diariodigitalmx.com\/wp-content\/uploads\/2023\/10\/IMG-20231024-WA0140-1024x682.jpg\" alt=\"\" class=\"wp-image-108119\" srcset=\"https:\/\/diariodigitalmx.com\/wp-content\/uploads\/2023\/10\/IMG-20231024-WA0140-1024x682.jpg 1024w, https:\/\/diariodigitalmx.com\/wp-content\/uploads\/2023\/10\/IMG-20231024-WA0140-300x200.jpg 300w, https:\/\/diariodigitalmx.com\/wp-content\/uploads\/2023\/10\/IMG-20231024-WA0140-768x512.jpg 768w, https:\/\/diariodigitalmx.com\/wp-content\/uploads\/2023\/10\/IMG-20231024-WA0140.jpg 1280w\" sizes=\"(max-width: 1024px) 100vw, 1024px\" \/><\/figure>\n\n\n\n<p>Coment\u00f3 que las nuevas generaciones contin\u00faan con esta costumbre familiar. Hay algunos que no les gusta, pero en su mayor\u00eda de los j\u00f3venes contin\u00faan con nuestras tradiciones.<\/p>\n\n\n\n<p>Por ello, asegura: \u201cMientras siga viviendo seguir\u00e9 yendo a limpiar los restos de mis antepasados, a pesar de las dificultades por la edad, y ense\u00f1arles a las nuevas generaciones el ritual\u201d, coment\u00f3 don Jos\u00e9 Dzul.<\/p>\n","protected":false},"excerpt":{"rendered":"<p>Charlas de taberna Marcos H. Valerio Existe una tradici\u00f3n maya que cada D\u00eda de Muertos en el cementerio de Pomuch, los familiares de los fieles difuntos acuden a lavar sus huesos. Del 21 de octubre al 2 de noviembre se lleva acab\u00f3 este rito llamado choo ba\u2019ak. Adem\u00e1s, les cambian la ropa o manto, que [&hellip;]<\/p>\n","protected":false},"author":1,"featured_media":108109,"comment_status":"open","ping_status":"open","sticky":true,"template":"","format":"standard","meta":{"footnotes":""},"categories":[14,2],"tags":[],"_links":{"self":[{"href":"https:\/\/diariodigitalmx.com\/index.php\/wp-json\/wp\/v2\/posts\/108107"}],"collection":[{"href":"https:\/\/diariodigitalmx.com\/index.php\/wp-json\/wp\/v2\/posts"}],"about":[{"href":"https:\/\/diariodigitalmx.com\/index.php\/wp-json\/wp\/v2\/types\/post"}],"author":[{"embeddable":true,"href":"https:\/\/diariodigitalmx.com\/index.php\/wp-json\/wp\/v2\/users\/1"}],"replies":[{"embeddable":true,"href":"https:\/\/diariodigitalmx.com\/index.php\/wp-json\/wp\/v2\/comments?post=108107"}],"version-history":[{"count":6,"href":"https:\/\/diariodigitalmx.com\/index.php\/wp-json\/wp\/v2\/posts\/108107\/revisions"}],"predecessor-version":[{"id":108120,"href":"https:\/\/diariodigitalmx.com\/index.php\/wp-json\/wp\/v2\/posts\/108107\/revisions\/108120"}],"wp:featuredmedia":[{"embeddable":true,"href":"https:\/\/diariodigitalmx.com\/index.php\/wp-json\/wp\/v2\/media\/108109"}],"wp:attachment":[{"href":"https:\/\/diariodigitalmx.com\/index.php\/wp-json\/wp\/v2\/media?parent=108107"}],"wp:term":[{"taxonomy":"category","embeddable":true,"href":"https:\/\/diariodigitalmx.com\/index.php\/wp-json\/wp\/v2\/categories?post=108107"},{"taxonomy":"post_tag","embeddable":true,"href":"https:\/\/diariodigitalmx.com\/index.php\/wp-json\/wp\/v2\/tags?post=108107"}],"curies":[{"name":"wp","href":"https:\/\/api.w.org\/{rel}","templated":true}]}}