{"id":108121,"date":"2023-10-24T19:05:12","date_gmt":"2023-10-25T00:05:12","guid":{"rendered":"http:\/\/diariodigitalmx.com\/?p=108121"},"modified":"2023-10-24T19:05:51","modified_gmt":"2023-10-25T00:05:51","slug":"da-congreso-24-horas-a-samuel-garcia-para-que-aclare-confusion-en-su-peticion-de-licencia","status":"publish","type":"post","link":"https:\/\/diariodigitalmx.com\/index.php\/2023\/10\/24\/da-congreso-24-horas-a-samuel-garcia-para-que-aclare-confusion-en-su-peticion-de-licencia\/","title":{"rendered":"Da Congreso 24 horas a Samuel Garc\u00eda para que aclare confusi\u00f3n en su petici\u00f3n de licencia"},"content":{"rendered":"\n<p>Monterrey . &#8211; La comisi\u00f3n de Gobernaci\u00f3n del Congreso local, aprob\u00f3 otorgar 24 horas al gobernador Samuel Garc\u00eda para que aclare si su petici\u00f3n de licencia es menor a 30 d\u00edas o por seis meses, as\u00ed como la fecha en que arranca y concluye la temporal ausencia del gobierno.<\/p>\n\n\n\n<p>El acuerdo deja en claro que no implica una negativa a su solicitud de licencia, y se agrega que si no da respuesta dentro de ese plazo y dada la urgencia de resolverlo con que se solicita, el Congreso determinar\u00e1 lo procedente con base en en la Constituci\u00f3n local.<\/p>\n\n\n\n<p>&#8220;El ocursante deber\u00e1 aclarar: Si su solicitud de licencia es por 30 treinta d\u00edas o menos, conforme lo dispone el numeral 121 de la Constituci\u00f3n del Estado, o en cambio, si se trata de una licencia mayor a 30 treinta d\u00edas, conforme lo referido en el art\u00edculo 122 de la Constituci\u00f3n del Estado&#8221;, duce el acuerdo.<\/p>\n\n\n\n<p>&#8220;Tambi\u00e9n deber\u00e1 precisar el titular del Poder Ejecutivo del Estado, la fecha exacta en que pretenda ausentarse del cargo, se\u00f1alando para tal efecto con precisi\u00f3n la fecha en que desea que inicien los efectos de su licencia temporal, as\u00ed como la fecha en la que desea que la misma concluya&#8221;.<\/p>\n\n\n\n<p>&#8220;Lo anterior, bajo el apercibimiento de que, en caso de no cumplir puntualmente con las dos aclaraciones solicitadas, atendiendo a la urgencia manifestada por el ocursante, esta Legislatura dar\u00e1 tr\u00e1mite a su solicitud inicial conforme a la Constituci\u00f3n local y a los principios generales del Derecho&#8221;, a\u00f1ade.<\/p>\n\n\n\n<p>&#8220;Finalmente, se considera oportuno dejar claramente establecido, que la presente resoluci\u00f3n, no implica en lo absoluto la negaci\u00f3n o aceptaci\u00f3n de la solicitud de licencia, sino simplemente se requiere que se aclare la misma con base en lo anterior, para estar en aptitud de acordarla conforme a derecho&#8221;.<\/p>\n\n\n\n<p>La comisi\u00f3n de Gobernaci\u00f3n se declar\u00f3 en permanente mientras tanto.<\/p>\n\n\n\n<p>ANTECEDENTES<\/p>\n\n\n\n<p>En su petici\u00f3n Samuel Garc\u00eda pide licencia por seis meses, pero tambi\u00e9n hace alusi\u00f3n al Art\u00edculo 121 de la Constituci\u00f3n de Nuevo Le\u00f3n y propone que en su lugar quede como interino el secretario general de Gobierno, Javier Navarro.<\/p>\n\n\n\n<p>Tampoco cita las fechas en que debe darse la licencia y si se\u00f1ala que se trata de seis meses antes del d\u00eda de la elecci\u00f3n para participar en el proceso electoral presidencial.<\/p>\n\n\n\n<p>La confusi\u00f3n ha surgido debido a que si deja al secretario de Gobierno en su lugar, de acuerdo al Art\u00edculo 121, la licencia es por 30 d\u00edas o menor, seg\u00fan el precepto constitucional, y si es por seis meses, es el Congreso quien decide qui\u00e9n ocupe el interinato.<\/p>\n\n\n\n<p>Carlos de la Fuente, coordinador de la mayor\u00eda panista se\u00f1al\u00f3 que la solicitud de Samuel Garc\u00eda es ambigua, y se busca darle claridad para atenderla en t\u00e9rminos constitucionales.<\/p>\n","protected":false},"excerpt":{"rendered":"<p>Monterrey . &#8211; La comisi\u00f3n de Gobernaci\u00f3n del Congreso local, aprob\u00f3 otorgar 24 horas al gobernador Samuel Garc\u00eda para que aclare si su petici\u00f3n de licencia es menor a 30 d\u00edas o por seis meses, as\u00ed como la fecha en que arranca y concluye la temporal ausencia del gobierno. El acuerdo deja en claro que [&hellip;]<\/p>\n","protected":false},"author":1,"featured_media":108123,"comment_status":"open","ping_status":"open","sticky":true,"template":"","format":"standard","meta":{"footnotes":""},"categories":[6,3],"tags":[],"_links":{"self":[{"href":"https:\/\/diariodigitalmx.com\/index.php\/wp-json\/wp\/v2\/posts\/108121"}],"collection":[{"href":"https:\/\/diariodigitalmx.com\/index.php\/wp-json\/wp\/v2\/posts"}],"about":[{"href":"https:\/\/diariodigitalmx.com\/index.php\/wp-json\/wp\/v2\/types\/post"}],"author":[{"embeddable":true,"href":"https:\/\/diariodigitalmx.com\/index.php\/wp-json\/wp\/v2\/users\/1"}],"replies":[{"embeddable":true,"href":"https:\/\/diariodigitalmx.com\/index.php\/wp-json\/wp\/v2\/comments?post=108121"}],"version-history":[{"count":1,"href":"https:\/\/diariodigitalmx.com\/index.php\/wp-json\/wp\/v2\/posts\/108121\/revisions"}],"predecessor-version":[{"id":108122,"href":"https:\/\/diariodigitalmx.com\/index.php\/wp-json\/wp\/v2\/posts\/108121\/revisions\/108122"}],"wp:featuredmedia":[{"embeddable":true,"href":"https:\/\/diariodigitalmx.com\/index.php\/wp-json\/wp\/v2\/media\/108123"}],"wp:attachment":[{"href":"https:\/\/diariodigitalmx.com\/index.php\/wp-json\/wp\/v2\/media?parent=108121"}],"wp:term":[{"taxonomy":"category","embeddable":true,"href":"https:\/\/diariodigitalmx.com\/index.php\/wp-json\/wp\/v2\/categories?post=108121"},{"taxonomy":"post_tag","embeddable":true,"href":"https:\/\/diariodigitalmx.com\/index.php\/wp-json\/wp\/v2\/tags?post=108121"}],"curies":[{"name":"wp","href":"https:\/\/api.w.org\/{rel}","templated":true}]}}