{"id":108139,"date":"2023-10-24T20:26:26","date_gmt":"2023-10-25T01:26:26","guid":{"rendered":"http:\/\/diariodigitalmx.com\/?p=108139"},"modified":"2023-10-24T20:33:54","modified_gmt":"2023-10-25T01:33:54","slug":"presentan-proyecto-urbano-integral-en-la-campana-altamira","status":"publish","type":"post","link":"https:\/\/diariodigitalmx.com\/index.php\/2023\/10\/24\/presentan-proyecto-urbano-integral-en-la-campana-altamira\/","title":{"rendered":"Presentan Proyecto Urbano Integral en la Campana-Altamira"},"content":{"rendered":"\n<figure class=\"wp-block-image size-large\"><img loading=\"lazy\" decoding=\"async\" width=\"1024\" height=\"683\" src=\"http:\/\/diariodigitalmx.com\/wp-content\/uploads\/2023\/10\/4-1024x683.jpg\" alt=\"\" class=\"wp-image-108144\" srcset=\"https:\/\/diariodigitalmx.com\/wp-content\/uploads\/2023\/10\/4-1024x683.jpg 1024w, https:\/\/diariodigitalmx.com\/wp-content\/uploads\/2023\/10\/4-300x200.jpg 300w, https:\/\/diariodigitalmx.com\/wp-content\/uploads\/2023\/10\/4-768x512.jpg 768w, https:\/\/diariodigitalmx.com\/wp-content\/uploads\/2023\/10\/4-1536x1024.jpg 1536w, https:\/\/diariodigitalmx.com\/wp-content\/uploads\/2023\/10\/4-2048x1365.jpg 2048w\" sizes=\"(max-width: 1024px) 100vw, 1024px\" \/><\/figure>\n\n\n\n<p>MONTERREY, NL.- El Consejo de la Iniciativa Campana-Altamira present\u00f3 el Proyecto Urbano Integral que integra cuatro l\u00edneas de acci\u00f3n: promover la integraci\u00f3n comunitaria, mejorar la accesibilidad, incrementar la seguridad y cuidar y regenerar el medio ambiente.<\/p>\n\n\n\n<p>Con la representaci\u00f3n de la titular de Igualdad e Inclusi\u00f3n, Martha Herrera, la Subsecretaria de Protecci\u00f3n Social y Oportunidades, Dulce Alejandre Mora, destac\u00f3 que este proyecto es el primer paso de un desarrollo sostenible, iniciativa que se ha destacado por su enfoque integral y su capacidad para movilizar la participaci\u00f3n ciudadana, as\u00ed como la colaboraci\u00f3n entre el sector p\u00fablico, privado, la sociedad civil, academia y la comunidad.<\/p>\n\n\n\n<figure class=\"wp-block-image size-large\"><img loading=\"lazy\" decoding=\"async\" width=\"1024\" height=\"683\" src=\"http:\/\/diariodigitalmx.com\/wp-content\/uploads\/2023\/10\/1-1024x683.jpg\" alt=\"\" class=\"wp-image-108145\" srcset=\"https:\/\/diariodigitalmx.com\/wp-content\/uploads\/2023\/10\/1-1024x683.jpg 1024w, https:\/\/diariodigitalmx.com\/wp-content\/uploads\/2023\/10\/1-300x200.jpg 300w, https:\/\/diariodigitalmx.com\/wp-content\/uploads\/2023\/10\/1-768x512.jpg 768w, https:\/\/diariodigitalmx.com\/wp-content\/uploads\/2023\/10\/1-1536x1024.jpg 1536w, https:\/\/diariodigitalmx.com\/wp-content\/uploads\/2023\/10\/1-2048x1365.jpg 2048w\" sizes=\"(max-width: 1024px) 100vw, 1024px\" \/><\/figure>\n\n\n\n<p>\u201cNosotros como Secretar\u00eda de Igualdad e Inclusi\u00f3n hemos invertido en infraestructura aproximadamente 75 millones en lo que tiene que ver en temas de agua, parques y actualmente este a\u00f1o vamos hacer una coinversi\u00f3n con el municipio para poner parte de uno de los andadores\u201d, destac\u00f3 la funcionaria estatal.<\/p>\n\n\n\n<p>\u201cTenemos un fondo de infraestructura para que el siguiente a\u00f1o retomemos la construcci\u00f3n de un Centro Comunitario aqu\u00ed en la Campana, adicional a esto estamos atendiendo aproximadamente a 7 mil personas que est\u00e1n en situaci\u00f3n de pobreza extrema, que son Jefas de Familia, que tienen alguna discapacidad o que son adultos mayores y estamos trabajando en facilitar el acceso a todos sus derechos sociales b\u00e1sicos y universales\u201d, precis\u00f3.<\/p>\n\n\n\n<figure class=\"wp-block-gallery has-nested-images columns-default is-cropped wp-block-gallery-1 is-layout-flex wp-block-gallery-is-layout-flex\">\n<figure class=\"wp-block-image size-large\"><img loading=\"lazy\" decoding=\"async\" width=\"1024\" height=\"683\" data-id=\"108148\" src=\"http:\/\/diariodigitalmx.com\/wp-content\/uploads\/2023\/10\/7-1024x683.jpg\" alt=\"\" class=\"wp-image-108148\" srcset=\"https:\/\/diariodigitalmx.com\/wp-content\/uploads\/2023\/10\/7-1024x683.jpg 1024w, https:\/\/diariodigitalmx.com\/wp-content\/uploads\/2023\/10\/7-300x200.jpg 300w, https:\/\/diariodigitalmx.com\/wp-content\/uploads\/2023\/10\/7-768x512.jpg 768w, https:\/\/diariodigitalmx.com\/wp-content\/uploads\/2023\/10\/7-1536x1024.jpg 1536w, https:\/\/diariodigitalmx.com\/wp-content\/uploads\/2023\/10\/7-2048x1365.jpg 2048w\" sizes=\"(max-width: 1024px) 100vw, 1024px\" \/><\/figure>\n\n\n\n<figure class=\"wp-block-image size-large\"><img loading=\"lazy\" decoding=\"async\" width=\"1024\" height=\"683\" data-id=\"108149\" src=\"http:\/\/diariodigitalmx.com\/wp-content\/uploads\/2023\/10\/6-1-1024x683.jpg\" alt=\"\" class=\"wp-image-108149\" srcset=\"https:\/\/diariodigitalmx.com\/wp-content\/uploads\/2023\/10\/6-1-1024x683.jpg 1024w, https:\/\/diariodigitalmx.com\/wp-content\/uploads\/2023\/10\/6-1-300x200.jpg 300w, https:\/\/diariodigitalmx.com\/wp-content\/uploads\/2023\/10\/6-1-768x512.jpg 768w, https:\/\/diariodigitalmx.com\/wp-content\/uploads\/2023\/10\/6-1-1536x1024.jpg 1536w, https:\/\/diariodigitalmx.com\/wp-content\/uploads\/2023\/10\/6-1-2048x1365.jpg 2048w\" sizes=\"(max-width: 1024px) 100vw, 1024px\" \/><\/figure>\n<\/figure>\n\n\n\n<figure class=\"wp-block-image size-large\"><img loading=\"lazy\" decoding=\"async\" width=\"1024\" height=\"683\" src=\"http:\/\/diariodigitalmx.com\/wp-content\/uploads\/2023\/10\/11-1024x683.jpg\" alt=\"\" class=\"wp-image-108150\" srcset=\"https:\/\/diariodigitalmx.com\/wp-content\/uploads\/2023\/10\/11-1024x683.jpg 1024w, https:\/\/diariodigitalmx.com\/wp-content\/uploads\/2023\/10\/11-300x200.jpg 300w, https:\/\/diariodigitalmx.com\/wp-content\/uploads\/2023\/10\/11-768x512.jpg 768w, https:\/\/diariodigitalmx.com\/wp-content\/uploads\/2023\/10\/11-1536x1024.jpg 1536w, https:\/\/diariodigitalmx.com\/wp-content\/uploads\/2023\/10\/11-2048x1365.jpg 2048w\" sizes=\"(max-width: 1024px) 100vw, 1024px\" \/><\/figure>\n\n\n\n<p>Dentro de los proyectos prioritarios se encuentran obras de infraestructura, servicios y equipamiento con los que se busca generar espacios de convivencia, movilidad y desarrollo que permitan consolidar el proceso de transformaci\u00f3n urbana y social en este pol\u00edgono urbano.<\/p>\n\n\n\n<p>Entre ellos destaca la construcci\u00f3n del Sendero Santa Isabel, a cargo de la Secretar\u00eda de Igualdad e Inclusi\u00f3n, la instalaci\u00f3n de la red de agua para el Cerro de la Campana y la construcci\u00f3n de un espacio de primera infancia para menores de cinco a\u00f1os, por parte del municipio de Monterrey, adem\u00e1s, el campo deportivo Los Pinos, a cargo del Tecnol\u00f3gico de Monterrey.<\/p>\n\n\n\n<figure class=\"wp-block-image size-large\"><img loading=\"lazy\" decoding=\"async\" width=\"1024\" height=\"683\" src=\"http:\/\/diariodigitalmx.com\/wp-content\/uploads\/2023\/10\/3-1024x683.jpg\" alt=\"\" class=\"wp-image-108153\" srcset=\"https:\/\/diariodigitalmx.com\/wp-content\/uploads\/2023\/10\/3-1024x683.jpg 1024w, https:\/\/diariodigitalmx.com\/wp-content\/uploads\/2023\/10\/3-300x200.jpg 300w, https:\/\/diariodigitalmx.com\/wp-content\/uploads\/2023\/10\/3-768x512.jpg 768w, https:\/\/diariodigitalmx.com\/wp-content\/uploads\/2023\/10\/3-1536x1024.jpg 1536w, https:\/\/diariodigitalmx.com\/wp-content\/uploads\/2023\/10\/3-2048x1365.jpg 2048w\" sizes=\"(max-width: 1024px) 100vw, 1024px\" \/><\/figure>\n\n\n\n<p>\u201cHay 10 proyectos que llamamos de escala grande y que tienen que ver con mejorar la movilidad y la accesibilidad hacia la Campana, escalinatas, senderos horizontales, una red de agua potable sobre todo en las partes altas de esta zona, una red de espacios con equipamiento y servicios, el proyecto urbano y cultural la calle de la Cumbia, el fortalecimiento o de la infraestructura de las escuelas p\u00fablicas\u201d, destac\u00f3 por su parte Mario Adri\u00e1n Flores, Vicepresidente de la Regi\u00f3n Norte de Tecnol\u00f3gico de Monterrey.<\/p>\n","protected":false},"excerpt":{"rendered":"<p>MONTERREY, NL.- El Consejo de la Iniciativa Campana-Altamira present\u00f3 el Proyecto Urbano Integral que integra cuatro l\u00edneas de acci\u00f3n: promover la integraci\u00f3n comunitaria, mejorar la accesibilidad, incrementar la seguridad y cuidar y regenerar el medio ambiente. Con la representaci\u00f3n de la titular de Igualdad e Inclusi\u00f3n, Martha Herrera, la Subsecretaria de Protecci\u00f3n Social y Oportunidades, [&hellip;]<\/p>\n","protected":false},"author":1,"featured_media":108142,"comment_status":"open","ping_status":"open","sticky":true,"template":"","format":"standard","meta":{"footnotes":""},"categories":[6,5],"tags":[],"_links":{"self":[{"href":"https:\/\/diariodigitalmx.com\/index.php\/wp-json\/wp\/v2\/posts\/108139"}],"collection":[{"href":"https:\/\/diariodigitalmx.com\/index.php\/wp-json\/wp\/v2\/posts"}],"about":[{"href":"https:\/\/diariodigitalmx.com\/index.php\/wp-json\/wp\/v2\/types\/post"}],"author":[{"embeddable":true,"href":"https:\/\/diariodigitalmx.com\/index.php\/wp-json\/wp\/v2\/users\/1"}],"replies":[{"embeddable":true,"href":"https:\/\/diariodigitalmx.com\/index.php\/wp-json\/wp\/v2\/comments?post=108139"}],"version-history":[{"count":4,"href":"https:\/\/diariodigitalmx.com\/index.php\/wp-json\/wp\/v2\/posts\/108139\/revisions"}],"predecessor-version":[{"id":108154,"href":"https:\/\/diariodigitalmx.com\/index.php\/wp-json\/wp\/v2\/posts\/108139\/revisions\/108154"}],"wp:featuredmedia":[{"embeddable":true,"href":"https:\/\/diariodigitalmx.com\/index.php\/wp-json\/wp\/v2\/media\/108142"}],"wp:attachment":[{"href":"https:\/\/diariodigitalmx.com\/index.php\/wp-json\/wp\/v2\/media?parent=108139"}],"wp:term":[{"taxonomy":"category","embeddable":true,"href":"https:\/\/diariodigitalmx.com\/index.php\/wp-json\/wp\/v2\/categories?post=108139"},{"taxonomy":"post_tag","embeddable":true,"href":"https:\/\/diariodigitalmx.com\/index.php\/wp-json\/wp\/v2\/tags?post=108139"}],"curies":[{"name":"wp","href":"https:\/\/api.w.org\/{rel}","templated":true}]}}