{"id":108155,"date":"2023-10-25T00:16:47","date_gmt":"2023-10-25T05:16:47","guid":{"rendered":"http:\/\/diariodigitalmx.com\/?p=108155"},"modified":"2023-10-25T00:17:56","modified_gmt":"2023-10-25T05:17:56","slug":"arranca-transformacion-integral-de-avenida-acueducto-en-escobedo","status":"publish","type":"post","link":"https:\/\/diariodigitalmx.com\/index.php\/2023\/10\/25\/arranca-transformacion-integral-de-avenida-acueducto-en-escobedo\/","title":{"rendered":"Arranca transformaci\u00f3n integral de Avenida Acueducto en Escobedo"},"content":{"rendered":"\n<figure class=\"wp-block-image size-large\"><img loading=\"lazy\" decoding=\"async\" width=\"1024\" height=\"680\" src=\"http:\/\/diariodigitalmx.com\/wp-content\/uploads\/2023\/10\/FOTO-1-3-1024x680.jpeg\" alt=\"\" class=\"wp-image-108158\" srcset=\"https:\/\/diariodigitalmx.com\/wp-content\/uploads\/2023\/10\/FOTO-1-3-1024x680.jpeg 1024w, https:\/\/diariodigitalmx.com\/wp-content\/uploads\/2023\/10\/FOTO-1-3-300x199.jpeg 300w, https:\/\/diariodigitalmx.com\/wp-content\/uploads\/2023\/10\/FOTO-1-3-768x510.jpeg 768w, https:\/\/diariodigitalmx.com\/wp-content\/uploads\/2023\/10\/FOTO-1-3-1536x1020.jpeg 1536w, https:\/\/diariodigitalmx.com\/wp-content\/uploads\/2023\/10\/FOTO-1-3.jpeg 1600w\" sizes=\"(max-width: 1024px) 100vw, 1024px\" \/><\/figure>\n\n\n\n<p>En Escobedo se trabaja para transformar la movilidad, el Gobierno Municipal comenz\u00f3 la modernizaci\u00f3n integral de la Avenida Acueducto, acciones que se traducir\u00e1n en traslados m\u00e1s r\u00e1pidos y vialidades de calidad.<\/p>\n\n\n\n<p>El Alcalde Andr\u00e9s Mijes junto a Martiniano Rueda, Secretario de Obras P\u00fablicas dieron el banderazo de arranque a los trabajos de rehabilitaci\u00f3n y recarpeteo de m\u00e1s de 3 kil\u00f3metros de la Avenida Acueducto, en su tramo entre las Avenidas Sendero y Ra\u00fal Salinas.<\/p>\n\n\n\n<p>\u201cEstamos iniciando la repavimentaci\u00f3n completa desde la Avenida Sendero hasta el entronque con Ra\u00fal Salinas de la Avenida Acueducto, trabajaremos intensamente d\u00f3nde hay m\u00e1s da\u00f1o, se har\u00e1 un bacheo profundo, se reparar\u00e1 la terracer\u00eda, base y subbase y tendremos una carpeta nueva, pr\u00e1cticamente tendremos una avenida completamente nueva para todos los escobedenses que circulan por aqu\u00ed\u201d, refiri\u00f3 el Edil<\/p>\n\n\n\n<p>La obra contempla la rehabilitaci\u00f3n especifica de 30 mil metros cuadrados de pavimento, adem\u00e1s del recarpeteo de 82 mil&nbsp;&nbsp; 800 metros cuadrados de carpeta asf\u00e1ltica.<\/p>\n\n\n\n<p>La inversi\u00f3n de la modernizaci\u00f3n de la Avenida Acueducto es de 70 millones 207 mil 900 pesos, la cual tambi\u00e9n incluye el cambio de se\u00f1al\u00e9tica, la actualizaci\u00f3n del sistema de semaforizaci\u00f3n y el alumbrado del lugar, apostando con ello a una mejora de la imagen urbana del se\u00f1alado sector.<\/p>\n\n\n\n<p>Los trabajos se realizar\u00e1n en ambos sentidos de la vialidad, para evitar molestias a la ciudadan\u00eda, \u00fanicamente se tendr\u00e1n en las pr\u00f3ximas semanas cierres parciales, es decir, que se tendr\u00e1n carriles libres que permitir\u00e1 el tr\u00e1nsito en el lugar.<\/p>\n\n\n\n<p>El objetivo de estas obras es reducir tiempos de traslados y el riesgo de accidentes viales.<\/p>\n","protected":false},"excerpt":{"rendered":"<p>En Escobedo se trabaja para transformar la movilidad, el Gobierno Municipal comenz\u00f3 la modernizaci\u00f3n integral de la Avenida Acueducto, acciones que se traducir\u00e1n en traslados m\u00e1s r\u00e1pidos y vialidades de calidad. El Alcalde Andr\u00e9s Mijes junto a Martiniano Rueda, Secretario de Obras P\u00fablicas dieron el banderazo de arranque a los trabajos de rehabilitaci\u00f3n y recarpeteo [&hellip;]<\/p>\n","protected":false},"author":1,"featured_media":108157,"comment_status":"open","ping_status":"open","sticky":true,"template":"","format":"standard","meta":{"footnotes":""},"categories":[6,5],"tags":[],"_links":{"self":[{"href":"https:\/\/diariodigitalmx.com\/index.php\/wp-json\/wp\/v2\/posts\/108155"}],"collection":[{"href":"https:\/\/diariodigitalmx.com\/index.php\/wp-json\/wp\/v2\/posts"}],"about":[{"href":"https:\/\/diariodigitalmx.com\/index.php\/wp-json\/wp\/v2\/types\/post"}],"author":[{"embeddable":true,"href":"https:\/\/diariodigitalmx.com\/index.php\/wp-json\/wp\/v2\/users\/1"}],"replies":[{"embeddable":true,"href":"https:\/\/diariodigitalmx.com\/index.php\/wp-json\/wp\/v2\/comments?post=108155"}],"version-history":[{"count":2,"href":"https:\/\/diariodigitalmx.com\/index.php\/wp-json\/wp\/v2\/posts\/108155\/revisions"}],"predecessor-version":[{"id":108159,"href":"https:\/\/diariodigitalmx.com\/index.php\/wp-json\/wp\/v2\/posts\/108155\/revisions\/108159"}],"wp:featuredmedia":[{"embeddable":true,"href":"https:\/\/diariodigitalmx.com\/index.php\/wp-json\/wp\/v2\/media\/108157"}],"wp:attachment":[{"href":"https:\/\/diariodigitalmx.com\/index.php\/wp-json\/wp\/v2\/media?parent=108155"}],"wp:term":[{"taxonomy":"category","embeddable":true,"href":"https:\/\/diariodigitalmx.com\/index.php\/wp-json\/wp\/v2\/categories?post=108155"},{"taxonomy":"post_tag","embeddable":true,"href":"https:\/\/diariodigitalmx.com\/index.php\/wp-json\/wp\/v2\/tags?post=108155"}],"curies":[{"name":"wp","href":"https:\/\/api.w.org\/{rel}","templated":true}]}}