{"id":108169,"date":"2023-10-25T09:30:48","date_gmt":"2023-10-25T14:30:48","guid":{"rendered":"http:\/\/diariodigitalmx.com\/?p=108169"},"modified":"2023-10-25T09:31:18","modified_gmt":"2023-10-25T14:31:18","slug":"sanchez-cordero-en-contra-de-la-injerencia-en-el-pjf","status":"publish","type":"post","link":"https:\/\/diariodigitalmx.com\/index.php\/2023\/10\/25\/sanchez-cordero-en-contra-de-la-injerencia-en-el-pjf\/","title":{"rendered":"S\u00e1nchez Cordero en contra de la injerencia en el PJF"},"content":{"rendered":"\n<p>CDMX.- Olga S\u00e1nchez Cordero, Ministra en retiro y senadora por Morena, se pronunci\u00f3 en contra de la extinci\u00f3n y reproch\u00f3 la injerencia de legisladores en el Poder Judicial, al aprobarse la extinci\u00f3n de 13 fideicomisos del Poder Judicial.<\/p>\n\n\n\n<p>&#8220;La posibilidad de que dos poderes de la Uni\u00f3n se coaliguen para intervenir directamente en la administraci\u00f3n interna de un tercer poder, no es un ejercicio republicano&#8221;, dijo la ex secretaria de Gobernaci\u00f3n<\/p>\n\n\n\n<p>&#8220;Tampoco lo es la eliminaci\u00f3n total de los fideicomisos, pues algunos contienen recursos de aportaciones de las y los trabajadores, que forman parte de sus condiciones generales de trabajo&#8221;, a\u00f1adi\u00f3.<\/p>\n\n\n\n<p>&#8220;Al extinguirlos estar\u00edamos validando la disposici\u00f3n de un dinero que no fue brindado \u00fanicamente por el presupuesto federal, sino que contiene recursos aportados por las servidoras y servidores p\u00fablicos&#8221;, expuso.<\/p>\n\n\n\n<p>S\u00e1nchez Cordero considera debieron conservarse el Fideicomiso de Mantenimiento de Casas Habitaci\u00f3n de Magistrados y Jueces, que prev\u00e9 aportaciones v\u00eda n\u00f3mina de funcionarios que laboran en sitios de alto riesgo en el Pa\u00eds.<\/p>\n\n\n\n<p>Adem\u00e1s, el Fideicomiso de Pensiones Complementarias de Magistradas y Jueces jubilados, que, dijo, no considera apoyos para Ministras ni Ministros de la Suprema Corte, sino para titulares de juzgados o tribunales jubilados.<\/p>\n\n\n\n<p>Indic\u00f3 que los trabajadores aportan para los fideicomisos de Apoyos M\u00e9dicos Complementarios y de Apoyo Econ\u00f3mico Extraordinario para Servidores P\u00fablicos del Poder Judicial de la Federaci\u00f3n.<\/p>\n","protected":false},"excerpt":{"rendered":"<p>CDMX.- Olga S\u00e1nchez Cordero, Ministra en retiro y senadora por Morena, se pronunci\u00f3 en contra de la extinci\u00f3n y reproch\u00f3 la injerencia de legisladores en el Poder Judicial, al aprobarse la extinci\u00f3n de 13 fideicomisos del Poder Judicial. &#8220;La posibilidad de que dos poderes de la Uni\u00f3n se coaliguen para intervenir directamente en la administraci\u00f3n [&hellip;]<\/p>\n","protected":false},"author":1,"featured_media":108171,"comment_status":"open","ping_status":"open","sticky":true,"template":"","format":"standard","meta":{"footnotes":""},"categories":[2,3],"tags":[],"_links":{"self":[{"href":"https:\/\/diariodigitalmx.com\/index.php\/wp-json\/wp\/v2\/posts\/108169"}],"collection":[{"href":"https:\/\/diariodigitalmx.com\/index.php\/wp-json\/wp\/v2\/posts"}],"about":[{"href":"https:\/\/diariodigitalmx.com\/index.php\/wp-json\/wp\/v2\/types\/post"}],"author":[{"embeddable":true,"href":"https:\/\/diariodigitalmx.com\/index.php\/wp-json\/wp\/v2\/users\/1"}],"replies":[{"embeddable":true,"href":"https:\/\/diariodigitalmx.com\/index.php\/wp-json\/wp\/v2\/comments?post=108169"}],"version-history":[{"count":1,"href":"https:\/\/diariodigitalmx.com\/index.php\/wp-json\/wp\/v2\/posts\/108169\/revisions"}],"predecessor-version":[{"id":108170,"href":"https:\/\/diariodigitalmx.com\/index.php\/wp-json\/wp\/v2\/posts\/108169\/revisions\/108170"}],"wp:featuredmedia":[{"embeddable":true,"href":"https:\/\/diariodigitalmx.com\/index.php\/wp-json\/wp\/v2\/media\/108171"}],"wp:attachment":[{"href":"https:\/\/diariodigitalmx.com\/index.php\/wp-json\/wp\/v2\/media?parent=108169"}],"wp:term":[{"taxonomy":"category","embeddable":true,"href":"https:\/\/diariodigitalmx.com\/index.php\/wp-json\/wp\/v2\/categories?post=108169"},{"taxonomy":"post_tag","embeddable":true,"href":"https:\/\/diariodigitalmx.com\/index.php\/wp-json\/wp\/v2\/tags?post=108169"}],"curies":[{"name":"wp","href":"https:\/\/api.w.org\/{rel}","templated":true}]}}