{"id":108172,"date":"2023-10-25T17:29:27","date_gmt":"2023-10-25T22:29:27","guid":{"rendered":"http:\/\/diariodigitalmx.com\/?p=108172"},"modified":"2023-10-25T17:30:55","modified_gmt":"2023-10-25T22:30:55","slug":"aprueban-en-comision-licencia-a-samuel-garcia-puede-irse-a-buscar-ser-presidente","status":"publish","type":"post","link":"https:\/\/diariodigitalmx.com\/index.php\/2023\/10\/25\/aprueban-en-comision-licencia-a-samuel-garcia-puede-irse-a-buscar-ser-presidente\/","title":{"rendered":"Aprueban en Comisi\u00f3n, licencia a Samuel Garc\u00eda; puede irse a buscar ser presidente"},"content":{"rendered":"\n<p>Monterrey . &#8211; La Comisi\u00f3n de Gobernaci\u00f3n del Congreso local aprob\u00f3 al gobernador Samuel Garc\u00eda, una licencia para ausentarse del cargo por seis meses y pueda contender por la presidencia de la Rep\u00fablica.<\/p>\n\n\n\n<p>La licencia tendr\u00e1 vigencia del dos diciembre pr\u00f3ximo al 2 de junio de 2024 y ser\u00e1 el Congreso en el pleno quien determine la persona que quede como gobernador interino.<\/p>\n\n\n\n<p>Los diputados esperaron hasta las 15:25 horas al vencer el plazo de 24 horas que le hab\u00edan dado al gobernador para que aclarara su ambigua solicitud de licencia, sin embargo, nadie acudi\u00f3 a realizar esa aclaraci\u00f3n.<\/p>\n\n\n\n<p>El coordinador de los diputados de Movimiento Ciudadano, Eduardo Gaona estuvo de acuerdo en la licencia de seis meses, pero no aprob\u00f3 que no hubiera un pronunciamiento sobre la propuesta de que el gobernador interino sea el secretario de Gobierno, Javier Navarro.<\/p>\n\n\n\n<p>Por otro lado, a trav\u00e9s de un escrito que entreg\u00f3 al INE, el gobernador Samuel Garc\u00eda buca que le definan sobre sus derechos en torno a la licencia para contender por la presidencia de la Rep\u00fablica.<\/p>\n\n\n\n<p>Incluso, quiere que se pronuncie sobre su derecho a dejar como encargado de despacho al Secretario General de Gobierno.<\/p>\n\n\n\n<p>Argumenta que en el Congreso local se niegan a sesionar para dar tr\u00e1mite a su licencia. &#8220;En principio, pido que mi consulta se tr\u00e1mite con el car\u00e1cter de URGENTE, porque Movimiento Ciudadano inicia su proceso para elegir a su candidato a presidente, y en el Congreso local se niegan a sesionar nuevamente mi solicitud de licencia&#8221;, a\u00f1ade.<\/p>\n\n\n\n<p>&#8220;Tengo incertidumbre sobre cuestiones inherentes a mi derecho a ser votado con todas las calidades y condiciones que establece la Constituci\u00f3n y la Ley, por lo que acudo a ustedes para que desahoguen mi consulta lo m\u00e1s pronto posible, ya que el proceso interno de MC ya comenz\u00f3, y si pretendo participar tengo que presentar mi solicitud a las instancias partidistas \u00fanicamente el pr\u00f3ximo 3 de noviembre y las precampa\u00f1as est\u00e1n pr\u00f3ximas a iniciar&#8221;, abunda.<\/p>\n\n\n\n<p>Tambien argumenta que la interpretaci\u00f3n de que el Congreso deba definir al interino es inconstitucional.<\/p>\n\n\n\n<p>&#8220;Esa interpretaci\u00f3n ser\u00eda inconstitucional y generar\u00eda la expulsi\u00f3n de dicha norma del sistema jur\u00eddico&#8221;, explica en su argumentaci\u00f3n.<\/p>\n","protected":false},"excerpt":{"rendered":"<p>Monterrey . &#8211; La Comisi\u00f3n de Gobernaci\u00f3n del Congreso local aprob\u00f3 al gobernador Samuel Garc\u00eda, una licencia para ausentarse del cargo por seis meses y pueda contender por la presidencia de la Rep\u00fablica. La licencia tendr\u00e1 vigencia del dos diciembre pr\u00f3ximo al 2 de junio de 2024 y ser\u00e1 el Congreso en el pleno quien [&hellip;]<\/p>\n","protected":false},"author":1,"featured_media":108175,"comment_status":"open","ping_status":"open","sticky":true,"template":"","format":"standard","meta":{"footnotes":""},"categories":[6,3],"tags":[],"_links":{"self":[{"href":"https:\/\/diariodigitalmx.com\/index.php\/wp-json\/wp\/v2\/posts\/108172"}],"collection":[{"href":"https:\/\/diariodigitalmx.com\/index.php\/wp-json\/wp\/v2\/posts"}],"about":[{"href":"https:\/\/diariodigitalmx.com\/index.php\/wp-json\/wp\/v2\/types\/post"}],"author":[{"embeddable":true,"href":"https:\/\/diariodigitalmx.com\/index.php\/wp-json\/wp\/v2\/users\/1"}],"replies":[{"embeddable":true,"href":"https:\/\/diariodigitalmx.com\/index.php\/wp-json\/wp\/v2\/comments?post=108172"}],"version-history":[{"count":1,"href":"https:\/\/diariodigitalmx.com\/index.php\/wp-json\/wp\/v2\/posts\/108172\/revisions"}],"predecessor-version":[{"id":108173,"href":"https:\/\/diariodigitalmx.com\/index.php\/wp-json\/wp\/v2\/posts\/108172\/revisions\/108173"}],"wp:featuredmedia":[{"embeddable":true,"href":"https:\/\/diariodigitalmx.com\/index.php\/wp-json\/wp\/v2\/media\/108175"}],"wp:attachment":[{"href":"https:\/\/diariodigitalmx.com\/index.php\/wp-json\/wp\/v2\/media?parent=108172"}],"wp:term":[{"taxonomy":"category","embeddable":true,"href":"https:\/\/diariodigitalmx.com\/index.php\/wp-json\/wp\/v2\/categories?post=108172"},{"taxonomy":"post_tag","embeddable":true,"href":"https:\/\/diariodigitalmx.com\/index.php\/wp-json\/wp\/v2\/tags?post=108172"}],"curies":[{"name":"wp","href":"https:\/\/api.w.org\/{rel}","templated":true}]}}