{"id":108176,"date":"2023-10-25T21:02:06","date_gmt":"2023-10-26T02:02:06","guid":{"rendered":"http:\/\/diariodigitalmx.com\/?p=108176"},"modified":"2023-10-25T21:28:26","modified_gmt":"2023-10-26T02:28:26","slug":"nombran-a-arturo-garza-salinas-gobernador-interino-tras-licencia-a-samuel-garcia-en-nl","status":"publish","type":"post","link":"https:\/\/diariodigitalmx.com\/index.php\/2023\/10\/25\/nombran-a-arturo-garza-salinas-gobernador-interino-tras-licencia-a-samuel-garcia-en-nl\/","title":{"rendered":"Es Arturo Salinas gobernador interino tras licencia a Samuel Garc\u00eda en NL"},"content":{"rendered":"\n<p><br>Monterrey . &#8211; El presidente del Poder Judicial en el Estado, Jos\u00e9 Arturo Salinas fue designado por el Congreso Local como gobernador interino en sustituci\u00f3n de Samuel Garc\u00eda, quien se ir\u00e1 en busca de la candidatura presidencial de Movimiento Ciudadano.<br>Tras aprobar la licencia por seis meses a Samuel Garc\u00eda en el pleno, sorpresivamente Javier Caballero, del PRI propuso modificar el dictamen de la Comisi\u00f3n de Gobernaci\u00f3n y cit\u00f3 a Salinas como interino lo que fue votado a favor por la mayor\u00eda del PAN y PRI con 27 votos a favor, 11 en contra de MC y en abstenci\u00f3n dos de Morena y uno del Verde.<br>Despu\u00e9s sigui\u00f3 la discusi\u00f3n de las diversas fracciones parlamentarias y, finalmente el pleno voto la propuesta que finalmente da la decisi\u00f3n en favor de Arturo Salinas, al quedar 27 a favor, 11 en contra y tras en abstenci\u00f3n.<br>Antes de que fuera propuesto, Salinas hab\u00eda solicitado sorpresivamente licencia al cargo de presidente del Poder Judicial para el cual hab\u00eda sido electo en el periodo 2023-2025.<br>Alrededor de las 18:40 horas, se decret\u00f3 un receso para llamar a Salinas y tomarle la protesta como interino para el periodo 2 de diciembre de 2023 a 2 de junio de 2024.<br>REACCION DE SAMUEL GARCIA<br>&#8220;Como anunci\u00e9 hace unos d\u00edas, la licencia solicitada es para salvaguardar mi derecho para participar en una elecci\u00f3n. Nada est\u00e1 decidido a\u00fan, sigo concentrado en Nuevo Le\u00f3n&#8221;, dijo en sus redes.<br>&#8220;Pero lo que quiero dejar muy claro es que la designaci\u00f3n de gobernador interino que hizo el PRIAN en el Congreso del Estado es completamente ilegal. Tengo claro que no vamos a poner en riesgo la construcci\u00f3n del nuevo Nuevo Le\u00f3n, dej\u00e1ndolo en manos de la vieja pol\u00edtica que mucho da\u00f1o ha hecho ya&#8221;, se\u00f1al\u00f3 el gobernador.<br>Arturo Salinas ha sido dos veces diputado local y una federal por el PAN partido en el que milita, y donde ha ocupado cargos partidistas.<br>Es abogado y ha sido delegado Federal de la Secretar\u00eda de Econom\u00eda en Nuevo Le\u00f3n y actualmente presidente del Tribunal Superior de Justicia.<\/p>\n","protected":false},"excerpt":{"rendered":"<p>Monterrey . &#8211; El presidente del Poder Judicial en el Estado, Jos\u00e9 Arturo Salinas fue designado por el Congreso Local como gobernador interino en sustituci\u00f3n de Samuel Garc\u00eda, quien se ir\u00e1 en busca de la candidatura presidencial de Movimiento Ciudadano.Tras aprobar la licencia por seis meses a Samuel Garc\u00eda en el pleno, sorpresivamente Javier Caballero, [&hellip;]<\/p>\n","protected":false},"author":1,"featured_media":108179,"comment_status":"open","ping_status":"open","sticky":true,"template":"","format":"standard","meta":{"footnotes":""},"categories":[6,3],"tags":[],"_links":{"self":[{"href":"https:\/\/diariodigitalmx.com\/index.php\/wp-json\/wp\/v2\/posts\/108176"}],"collection":[{"href":"https:\/\/diariodigitalmx.com\/index.php\/wp-json\/wp\/v2\/posts"}],"about":[{"href":"https:\/\/diariodigitalmx.com\/index.php\/wp-json\/wp\/v2\/types\/post"}],"author":[{"embeddable":true,"href":"https:\/\/diariodigitalmx.com\/index.php\/wp-json\/wp\/v2\/users\/1"}],"replies":[{"embeddable":true,"href":"https:\/\/diariodigitalmx.com\/index.php\/wp-json\/wp\/v2\/comments?post=108176"}],"version-history":[{"count":4,"href":"https:\/\/diariodigitalmx.com\/index.php\/wp-json\/wp\/v2\/posts\/108176\/revisions"}],"predecessor-version":[{"id":108184,"href":"https:\/\/diariodigitalmx.com\/index.php\/wp-json\/wp\/v2\/posts\/108176\/revisions\/108184"}],"wp:featuredmedia":[{"embeddable":true,"href":"https:\/\/diariodigitalmx.com\/index.php\/wp-json\/wp\/v2\/media\/108179"}],"wp:attachment":[{"href":"https:\/\/diariodigitalmx.com\/index.php\/wp-json\/wp\/v2\/media?parent=108176"}],"wp:term":[{"taxonomy":"category","embeddable":true,"href":"https:\/\/diariodigitalmx.com\/index.php\/wp-json\/wp\/v2\/categories?post=108176"},{"taxonomy":"post_tag","embeddable":true,"href":"https:\/\/diariodigitalmx.com\/index.php\/wp-json\/wp\/v2\/tags?post=108176"}],"curies":[{"name":"wp","href":"https:\/\/api.w.org\/{rel}","templated":true}]}}