{"id":108188,"date":"2023-10-25T22:07:34","date_gmt":"2023-10-26T03:07:34","guid":{"rendered":"http:\/\/diariodigitalmx.com\/?p=108188"},"modified":"2023-10-25T22:10:51","modified_gmt":"2023-10-26T03:10:51","slug":"fortalecen-tradiciones-mexicanas-celebra-escobedo-el-dia-de-muertos","status":"publish","type":"post","link":"https:\/\/diariodigitalmx.com\/index.php\/2023\/10\/25\/fortalecen-tradiciones-mexicanas-celebra-escobedo-el-dia-de-muertos\/","title":{"rendered":"Fortalecen tradiciones mexicanas; celebra Escobedo el D\u00eda de Muertos"},"content":{"rendered":"\n<p>En Escobedo se mantienen vivas las tradiciones mexicanas.<\/p>\n\n\n\n<p>El Alcalde Andr\u00e9s Mijes inici\u00f3 los festejos para conmemorar el D\u00eda de Muertos y recordar a quienes se nos adelantaron en el camino.<\/p>\n\n\n\n<p>Mijes inaugur\u00f3 en el Palacio Municipal la exposici\u00f3n \u201cColor Calavera\u201d y el tradicional macro Altar de Muertos en honor al h\u00e9roe revolucionario Francisco Villa.<\/p>\n\n\n\n<figure class=\"wp-block-image size-large\"><img loading=\"lazy\" decoding=\"async\" width=\"1024\" height=\"681\" src=\"http:\/\/diariodigitalmx.com\/wp-content\/uploads\/2023\/10\/Q9A7581-1024x681.jpg\" alt=\"\" class=\"wp-image-108195\" srcset=\"https:\/\/diariodigitalmx.com\/wp-content\/uploads\/2023\/10\/Q9A7581-1024x681.jpg 1024w, https:\/\/diariodigitalmx.com\/wp-content\/uploads\/2023\/10\/Q9A7581-300x199.jpg 300w, https:\/\/diariodigitalmx.com\/wp-content\/uploads\/2023\/10\/Q9A7581-768x511.jpg 768w, https:\/\/diariodigitalmx.com\/wp-content\/uploads\/2023\/10\/Q9A7581-1536x1021.jpg 1536w, https:\/\/diariodigitalmx.com\/wp-content\/uploads\/2023\/10\/Q9A7581-2048x1362.jpg 2048w\" sizes=\"(max-width: 1024px) 100vw, 1024px\" \/><\/figure>\n\n\n\n<p>El Alcalde explic\u00f3 que en \u201cColor Calavera\u201d, chicos y grandes podr\u00e1n disfrutar de 30 obras pict\u00f3ricas del artista regiomontano Adri\u00e1n \u00c9dgar, quien plasma en ellas la importancia de aprovechar cada momento de la vida.<\/p>\n\n\n\n<p>\u201cUno de nuestro objetivo es preservar nuestras tradiciones, nosotros, somos un Municipio muy tradicionalista. \u00a0Si no recordamos de quien venimos, nunca vamos a llegar a donde pretendemos llegar, tenemos que tener los pies bien en la tierra y saber nuestro origen\u201d, dijo el Alcalde ante familias que acudieron a la inauguraci\u00f3n.<\/p>\n\n\n\n<figure class=\"wp-block-image size-large\"><img loading=\"lazy\" decoding=\"async\" width=\"1024\" height=\"681\" src=\"http:\/\/diariodigitalmx.com\/wp-content\/uploads\/2023\/10\/Q9A7464-1024x681.jpg\" alt=\"\" class=\"wp-image-108193\" srcset=\"https:\/\/diariodigitalmx.com\/wp-content\/uploads\/2023\/10\/Q9A7464-1024x681.jpg 1024w, https:\/\/diariodigitalmx.com\/wp-content\/uploads\/2023\/10\/Q9A7464-300x199.jpg 300w, https:\/\/diariodigitalmx.com\/wp-content\/uploads\/2023\/10\/Q9A7464-768x511.jpg 768w, https:\/\/diariodigitalmx.com\/wp-content\/uploads\/2023\/10\/Q9A7464-1536x1021.jpg 1536w, https:\/\/diariodigitalmx.com\/wp-content\/uploads\/2023\/10\/Q9A7464-2048x1362.jpg 2048w\" sizes=\"(max-width: 1024px) 100vw, 1024px\" \/><\/figure>\n\n\n\n<p>Las obras originales, realizadas en acr\u00edlico sobre tela, se encuentran distribuidas en el interior de la Presidencia Municipal.<\/p>\n\n\n\n<p>Tambi\u00e9n, las familias podr\u00e1n presenciar un macro altar de muertos en el patio central de la Presidencia Municipal, la cual se ubica en el Centro de la Ciudad en Avenida Ju\u00e1rez n\u00famero 100.<\/p>\n\n\n\n<p>Con este macro altar, el Gobierno Municipal busca recordar la memoria de Francisco Villa. Las familias podr\u00e1n observar detalles alusivos al H\u00e9roe.<\/p>\n\n\n\n<figure class=\"wp-block-image size-large\"><img loading=\"lazy\" decoding=\"async\" width=\"1024\" height=\"683\" src=\"http:\/\/diariodigitalmx.com\/wp-content\/uploads\/2023\/10\/DAR_8782-1024x683.jpg\" alt=\"\" class=\"wp-image-108196\" srcset=\"https:\/\/diariodigitalmx.com\/wp-content\/uploads\/2023\/10\/DAR_8782-1024x683.jpg 1024w, https:\/\/diariodigitalmx.com\/wp-content\/uploads\/2023\/10\/DAR_8782-300x200.jpg 300w, https:\/\/diariodigitalmx.com\/wp-content\/uploads\/2023\/10\/DAR_8782-768x512.jpg 768w, https:\/\/diariodigitalmx.com\/wp-content\/uploads\/2023\/10\/DAR_8782-1536x1025.jpg 1536w, https:\/\/diariodigitalmx.com\/wp-content\/uploads\/2023\/10\/DAR_8782-2048x1366.jpg 2048w\" sizes=\"(max-width: 1024px) 100vw, 1024px\" \/><\/figure>\n\n\n\n<p>Las atracciones que est\u00e1n ubicadas en la Presidencia Municipal podr\u00e1n ser disfrutadas a partir de este jueves hasta el 5 de noviembre, en un horario de 9:00 de la ma\u00f1ana a 9:00 de la noche.<\/p>\n\n\n\n<p>Ante invitados, Mijes invita a las familias para que tambi\u00e9n disfruten del tradicional festival \u201cMictl\u00e1n\u201d con una serie de procesiones que se realizar\u00e1n en la Colonia Villas de San Francisco, Parque Lineal Las Torres y Presidencia Municipal.<\/p>\n\n\n\n<p>Las familias podr\u00e1n disfrutar de espect\u00e1culos en vivo y muchas sorpresas m\u00e1s.<\/p>\n","protected":false},"excerpt":{"rendered":"<p>En Escobedo se mantienen vivas las tradiciones mexicanas. El Alcalde Andr\u00e9s Mijes inici\u00f3 los festejos para conmemorar el D\u00eda de Muertos y recordar a quienes se nos adelantaron en el camino. Mijes inaugur\u00f3 en el Palacio Municipal la exposici\u00f3n \u201cColor Calavera\u201d y el tradicional macro Altar de Muertos en honor al h\u00e9roe revolucionario Francisco Villa. [&hellip;]<\/p>\n","protected":false},"author":1,"featured_media":108190,"comment_status":"open","ping_status":"open","sticky":true,"template":"","format":"standard","meta":{"footnotes":""},"categories":[14,6],"tags":[],"_links":{"self":[{"href":"https:\/\/diariodigitalmx.com\/index.php\/wp-json\/wp\/v2\/posts\/108188"}],"collection":[{"href":"https:\/\/diariodigitalmx.com\/index.php\/wp-json\/wp\/v2\/posts"}],"about":[{"href":"https:\/\/diariodigitalmx.com\/index.php\/wp-json\/wp\/v2\/types\/post"}],"author":[{"embeddable":true,"href":"https:\/\/diariodigitalmx.com\/index.php\/wp-json\/wp\/v2\/users\/1"}],"replies":[{"embeddable":true,"href":"https:\/\/diariodigitalmx.com\/index.php\/wp-json\/wp\/v2\/comments?post=108188"}],"version-history":[{"count":5,"href":"https:\/\/diariodigitalmx.com\/index.php\/wp-json\/wp\/v2\/posts\/108188\/revisions"}],"predecessor-version":[{"id":108198,"href":"https:\/\/diariodigitalmx.com\/index.php\/wp-json\/wp\/v2\/posts\/108188\/revisions\/108198"}],"wp:featuredmedia":[{"embeddable":true,"href":"https:\/\/diariodigitalmx.com\/index.php\/wp-json\/wp\/v2\/media\/108190"}],"wp:attachment":[{"href":"https:\/\/diariodigitalmx.com\/index.php\/wp-json\/wp\/v2\/media?parent=108188"}],"wp:term":[{"taxonomy":"category","embeddable":true,"href":"https:\/\/diariodigitalmx.com\/index.php\/wp-json\/wp\/v2\/categories?post=108188"},{"taxonomy":"post_tag","embeddable":true,"href":"https:\/\/diariodigitalmx.com\/index.php\/wp-json\/wp\/v2\/tags?post=108188"}],"curies":[{"name":"wp","href":"https:\/\/api.w.org\/{rel}","templated":true}]}}