{"id":108199,"date":"2023-10-25T23:20:11","date_gmt":"2023-10-26T04:20:11","guid":{"rendered":"http:\/\/diariodigitalmx.com\/?p=108199"},"modified":"2023-10-25T23:20:57","modified_gmt":"2023-10-26T04:20:57","slug":"prioridad-reconstruir-el-dialogo-en-nl-arturo-salinas","status":"publish","type":"post","link":"https:\/\/diariodigitalmx.com\/index.php\/2023\/10\/25\/prioridad-reconstruir-el-dialogo-en-nl-arturo-salinas\/","title":{"rendered":"Prioridad reconstruir el di\u00e1logo en NL: Arturo Salinas"},"content":{"rendered":"\n<p><br>Monterrey. &#8211; El Gobernador Interino, Arturo Salinas dijo que buscar\u00e1 reconstruir el di\u00e1logo entre los Poderes, autocalific\u00f3 como hombre de consensos, que es amigo del gobernador Samuel Garc\u00eda a quien buscar\u00e1 para platicar.<\/p>\n\n\n\n<p>Salinas que solicit\u00f3 licencia al cargo de presidente del Poder Judicial neolon\u00e9s, subray\u00f3 que buscar\u00e1 acuerdos, y rechaz\u00f3 opinar sobre la aseveraci\u00f3n de Samuel Garc\u00eda de que es ilegal su nombramiento.<\/p>\n\n\n\n<p>&#8220;Samuel Garc\u00eda es mi amigo, hemos sido amigos desde que fuimos Diputados juntos, as\u00ed lo ha mencionado \u00e9l, as\u00ed lo hemos hecho siempre en asuntos p\u00fablicos, y por supuesto que voy a platicar con \u00e9l, por supuesto que habr\u00e1 di\u00e1logo, y estoy seguro de que llegaremos a buenas cosas, tan pronto y salga de aqu\u00ed lo voy a buscar para poder reunirnos&#8221;.<\/p>\n\n\n\n<p>Salinas que asumir\u00e1 la gubernatura el 2 de diciembre indic\u00f3 que en este momento se empieza con lo b\u00e1sico que es dialogar, sentarse a conversar, poner las condiciones para que puedan platicar todos y hacer una lista de prioridades de los problemas que tiene Nuevo Le\u00f3n y que deben resolverse en este tiempo.<\/p>\n\n\n\n<p>&#8220;La prioridad, sin duda, es dialogar, sentarse a restablecer, a reconstruir un di\u00e1logo que hoy vemos que no existe entre las diversas autoridades, entre los diversos poderes y, por supuesto, con la ciudadan\u00eda en eso voy a trabajar los d\u00edas siguientes y hasta antes de poder asumir el cargo, en dialogar, en construir y en buscar que haya paz y gobernabilidad&#8221;, abund\u00f3.<\/p>\n\n\n\n<p>Soy un hombre de consensos, de di\u00e1logo, creo en la separaci\u00f3n de Poderes, en la autonom\u00eda, pero sobre todo, en que tiene que haber una conjunci\u00f3n de di\u00e1logo con la sociedad, con las autoridades, con los ciudadanos y no hay cosa que no se pueda resolver poniendo los problemas de Nuevo Le\u00f3n por delante&#8221;, sostuvo.<\/p>\n\n\n\n<p>Salinas no quiso definir si har\u00e1 cambios en el Gabinete, porque no tiene<br>intenci\u00f3n de tomar ninguna decisi\u00f3n hasta en tanto no pueda platicar con Samuel Garc\u00eda.<\/p>\n","protected":false},"excerpt":{"rendered":"<p>Monterrey. &#8211; El Gobernador Interino, Arturo Salinas dijo que buscar\u00e1 reconstruir el di\u00e1logo entre los Poderes, autocalific\u00f3 como hombre de consensos, que es amigo del gobernador Samuel Garc\u00eda a quien buscar\u00e1 para platicar. Salinas que solicit\u00f3 licencia al cargo de presidente del Poder Judicial neolon\u00e9s, subray\u00f3 que buscar\u00e1 acuerdos, y rechaz\u00f3 opinar sobre la aseveraci\u00f3n [&hellip;]<\/p>\n","protected":false},"author":1,"featured_media":108201,"comment_status":"open","ping_status":"open","sticky":true,"template":"","format":"standard","meta":{"footnotes":""},"categories":[2,3],"tags":[],"_links":{"self":[{"href":"https:\/\/diariodigitalmx.com\/index.php\/wp-json\/wp\/v2\/posts\/108199"}],"collection":[{"href":"https:\/\/diariodigitalmx.com\/index.php\/wp-json\/wp\/v2\/posts"}],"about":[{"href":"https:\/\/diariodigitalmx.com\/index.php\/wp-json\/wp\/v2\/types\/post"}],"author":[{"embeddable":true,"href":"https:\/\/diariodigitalmx.com\/index.php\/wp-json\/wp\/v2\/users\/1"}],"replies":[{"embeddable":true,"href":"https:\/\/diariodigitalmx.com\/index.php\/wp-json\/wp\/v2\/comments?post=108199"}],"version-history":[{"count":1,"href":"https:\/\/diariodigitalmx.com\/index.php\/wp-json\/wp\/v2\/posts\/108199\/revisions"}],"predecessor-version":[{"id":108200,"href":"https:\/\/diariodigitalmx.com\/index.php\/wp-json\/wp\/v2\/posts\/108199\/revisions\/108200"}],"wp:featuredmedia":[{"embeddable":true,"href":"https:\/\/diariodigitalmx.com\/index.php\/wp-json\/wp\/v2\/media\/108201"}],"wp:attachment":[{"href":"https:\/\/diariodigitalmx.com\/index.php\/wp-json\/wp\/v2\/media?parent=108199"}],"wp:term":[{"taxonomy":"category","embeddable":true,"href":"https:\/\/diariodigitalmx.com\/index.php\/wp-json\/wp\/v2\/categories?post=108199"},{"taxonomy":"post_tag","embeddable":true,"href":"https:\/\/diariodigitalmx.com\/index.php\/wp-json\/wp\/v2\/tags?post=108199"}],"curies":[{"name":"wp","href":"https:\/\/api.w.org\/{rel}","templated":true}]}}