{"id":108205,"date":"2023-10-26T09:35:32","date_gmt":"2023-10-26T14:35:32","guid":{"rendered":"http:\/\/diariodigitalmx.com\/?p=108205"},"modified":"2023-10-26T09:36:56","modified_gmt":"2023-10-26T14:36:56","slug":"la-licencia-de-samuel","status":"publish","type":"post","link":"https:\/\/diariodigitalmx.com\/index.php\/2023\/10\/26\/la-licencia-de-samuel\/","title":{"rendered":"La licencia de Samuel; empieza con el pie izquierdo"},"content":{"rendered":"\n<p>Ra\u00fal Guajardo Cant\u00fa<br>El gobernador del estado, Samuel Garc\u00eda Sep\u00falveda, present\u00f3 su solicitud de licencia para separarse del cargo con la finalidad de contender por la presidencia de la Rep\u00fablica en lo que pudiera interpretarse como un intento de \u201cmadruguete\u201d tanto al Congreso local como a su partido Movimiento Ciudadano.<br>Lo que quiz\u00e1 no esperaba Samuel era la gran cantidad de mensajes de repudio, de cr\u00edticas a una decisi\u00f3n que tantas veces dijo que no tomar\u00eda, la de separarse de su cargo para ir en pos de la presidencia, un tema que ocup\u00f3 parte de su campa\u00f1a hacia la gubernatura.<br>La respuesta fue brutal en las redes sociales X e Instagram, en ambas prevaleci\u00f3 sensaci\u00f3n de que el gobernador hab\u00eda traicionado a Nuevo Le\u00f3n, de que puso por encima de su compromiso con el estado, sus ambiciones personales.<br>Para desgracia de Samuel, parece que Dante Delgado interpret\u00f3 el intento de \u201cagandalle\u201d de Samuel, precisamente como eso y ante las preguntas de los reporteros al respecto, desliz\u00f3 la posibilidad de llegar a un acuerdo con el exsecretario de Relaciones Exteriores, Marcelo Ebrard y nombrarlo su abanderado a la presidencia y, en \u00faltimo caso dijo, se postul\u00f3 \u00e9l mismo.<br>Consideramos que fue una respuesta con un trasfondo que va m\u00e1s all\u00e1 de los dicho: Dante le est\u00e1 se\u00f1alando a Samuel que no es \u00e9l quien decide lo que MC har\u00e1 o no, sino que el l\u00edder de ese partido es \u00e9l.<br>Por lo que respecta al Congreso local, parece que el gobernador sorprendi\u00f3 hasta a sus propios compa\u00f1eros de partido, ya que en alg\u00fan momento del d\u00eda, Eduardo Gaona, l\u00edder de la bancada naranja, asegur\u00f3 que la licencia deber\u00eda ser, inicialmente, por treinta d\u00edas para competir en la interna, que se llevar\u00e1 a cabo durante el mes de noviembre y, posteriormente, un segundo periodo ese s\u00ed por 6 meses para desarrollar la campa\u00f1a en pos de la presidencia.<br>Las bancadas del PRI y el PAN tardaron un poco en reaccionar, dado lo confuso de la redacci\u00f3n de la solicitud de licencia, en la cual no se se\u00f1ala un periodo espec\u00edfico, sino que se hace alusi\u00f3n al art\u00edculo 121 de la Constituci\u00f3n local, en el cual se se\u00f1alan ausencias menores a los 30 d\u00edas, pero al mismo tiempo se menciona la campa\u00f1a presidencial, lo que implicar\u00eda una licencia por 6 meses y dejar en manos del Congreso la designaci\u00f3n del interino, como lo se\u00f1ala el art\u00edculo 122.<br>Luego de la sorpresa inicial, los legisladores le dieron 24 horas al gobernador para aclarar los t\u00e9rminos de su licencia.<br>Lo que s\u00ed est\u00e1 claro es que Samuel no inicia su aventura con buenos augurios y s\u00ed con el pie izquierdo.<\/p>\n","protected":false},"excerpt":{"rendered":"<p>Ra\u00fal Guajardo Cant\u00faEl gobernador del estado, Samuel Garc\u00eda Sep\u00falveda, present\u00f3 su solicitud de licencia para separarse del cargo con la finalidad de contender por la presidencia de la Rep\u00fablica en lo que pudiera interpretarse como un intento de \u201cmadruguete\u201d tanto al Congreso local como a su partido Movimiento Ciudadano.Lo que quiz\u00e1 no esperaba Samuel era [&hellip;]<\/p>\n","protected":false},"author":1,"featured_media":108207,"comment_status":"open","ping_status":"open","sticky":true,"template":"","format":"standard","meta":{"footnotes":""},"categories":[14,12],"tags":[],"_links":{"self":[{"href":"https:\/\/diariodigitalmx.com\/index.php\/wp-json\/wp\/v2\/posts\/108205"}],"collection":[{"href":"https:\/\/diariodigitalmx.com\/index.php\/wp-json\/wp\/v2\/posts"}],"about":[{"href":"https:\/\/diariodigitalmx.com\/index.php\/wp-json\/wp\/v2\/types\/post"}],"author":[{"embeddable":true,"href":"https:\/\/diariodigitalmx.com\/index.php\/wp-json\/wp\/v2\/users\/1"}],"replies":[{"embeddable":true,"href":"https:\/\/diariodigitalmx.com\/index.php\/wp-json\/wp\/v2\/comments?post=108205"}],"version-history":[{"count":2,"href":"https:\/\/diariodigitalmx.com\/index.php\/wp-json\/wp\/v2\/posts\/108205\/revisions"}],"predecessor-version":[{"id":108209,"href":"https:\/\/diariodigitalmx.com\/index.php\/wp-json\/wp\/v2\/posts\/108205\/revisions\/108209"}],"wp:featuredmedia":[{"embeddable":true,"href":"https:\/\/diariodigitalmx.com\/index.php\/wp-json\/wp\/v2\/media\/108207"}],"wp:attachment":[{"href":"https:\/\/diariodigitalmx.com\/index.php\/wp-json\/wp\/v2\/media?parent=108205"}],"wp:term":[{"taxonomy":"category","embeddable":true,"href":"https:\/\/diariodigitalmx.com\/index.php\/wp-json\/wp\/v2\/categories?post=108205"},{"taxonomy":"post_tag","embeddable":true,"href":"https:\/\/diariodigitalmx.com\/index.php\/wp-json\/wp\/v2\/tags?post=108205"}],"curies":[{"name":"wp","href":"https:\/\/api.w.org\/{rel}","templated":true}]}}