{"id":108210,"date":"2023-10-26T09:49:24","date_gmt":"2023-10-26T14:49:24","guid":{"rendered":"http:\/\/diariodigitalmx.com\/?p=108210"},"modified":"2023-10-26T09:50:02","modified_gmt":"2023-10-26T14:50:02","slug":"la-sociedad-de-masas","status":"publish","type":"post","link":"https:\/\/diariodigitalmx.com\/index.php\/2023\/10\/26\/la-sociedad-de-masas\/","title":{"rendered":"La sociedad de masas"},"content":{"rendered":"\n<p>Gerson G\u00f3mez Salas <\/p>\n\n\n\n<p>Corresponde ahora la solidaridad para los hermanos guerrerenses. Aquellos a quienes han perdido todo en los estragos del Hurac\u00e1n Otis.<\/p>\n\n\n\n<p>A los hijos de la tierra. Cientos de trabajadores honrados. En las zonas del desastre. En la inundaci\u00f3n por completo de sus hogares. Quienes perdieron hasta lo indispensable.<\/p>\n\n\n\n<p>Olvidar las diferencias pol\u00edticas. Activado el plan DN3 por parte del ej\u00e9rcito.<\/p>\n\n\n\n<p>El momento de alimentos calientes. En la contabilidad de lo perdido, lo recuperado y de quienes pasaran semanas para poner en pie, de nuevo, uno de los destinos tur\u00edsticos, con mayor plusval\u00eda en el territorio nacional.<\/p>\n\n\n\n<p>Movilizar tambi\u00e9n a los servidores de la naci\u00f3n. Sin beneficiar a las estructuras electorales de la familia Salgado Macedonio.<\/p>\n\n\n\n<p>Buen pretexto, en manera silenciosa, de copar las c\u00e9lulas delictivas, de Los Guerreros Unidos, por parte de la autoridad judicial, a fin de sacarles de las jugadas sangrientas.<\/p>\n\n\n\n<p>Otis merm\u00f3 parejo. A los poderosos en punta Diamante y a quienes apenas sobreviven de las limosas de los turistas.<\/p>\n\n\n\n<p>Ej\u00e9rcito, sociedad civil, polic\u00eda municipal y estatales, tienen la tarea de reponer el tejido social en una de las entidades m\u00e1s peligrosas de la naci\u00f3n.<\/p>\n\n\n\n<p>Donde el narcotr\u00e1fico, el cobro de piso, los secuestros y los asesinatos por ajustes de cuentas, son la noticia cotidiana.<\/p>\n\n\n\n<p>Ahora s\u00ed, a retirar con autoridad, a todos aquellos bateadores, puntos de venta y beneficiarios de la impunidad a plena vista de los guerrerenses honrados.<\/p>\n\n\n\n<p>Este es el momento justo.<\/p>\n","protected":false},"excerpt":{"rendered":"<p>Gerson G\u00f3mez Salas Corresponde ahora la solidaridad para los hermanos guerrerenses. Aquellos a quienes han perdido todo en los estragos del Hurac\u00e1n Otis. A los hijos de la tierra. Cientos de trabajadores honrados. En las zonas del desastre. En la inundaci\u00f3n por completo de sus hogares. Quienes perdieron hasta lo indispensable. Olvidar las diferencias pol\u00edticas. [&hellip;]<\/p>\n","protected":false},"author":1,"featured_media":108212,"comment_status":"open","ping_status":"open","sticky":true,"template":"","format":"standard","meta":{"footnotes":""},"categories":[12,5],"tags":[],"_links":{"self":[{"href":"https:\/\/diariodigitalmx.com\/index.php\/wp-json\/wp\/v2\/posts\/108210"}],"collection":[{"href":"https:\/\/diariodigitalmx.com\/index.php\/wp-json\/wp\/v2\/posts"}],"about":[{"href":"https:\/\/diariodigitalmx.com\/index.php\/wp-json\/wp\/v2\/types\/post"}],"author":[{"embeddable":true,"href":"https:\/\/diariodigitalmx.com\/index.php\/wp-json\/wp\/v2\/users\/1"}],"replies":[{"embeddable":true,"href":"https:\/\/diariodigitalmx.com\/index.php\/wp-json\/wp\/v2\/comments?post=108210"}],"version-history":[{"count":1,"href":"https:\/\/diariodigitalmx.com\/index.php\/wp-json\/wp\/v2\/posts\/108210\/revisions"}],"predecessor-version":[{"id":108211,"href":"https:\/\/diariodigitalmx.com\/index.php\/wp-json\/wp\/v2\/posts\/108210\/revisions\/108211"}],"wp:featuredmedia":[{"embeddable":true,"href":"https:\/\/diariodigitalmx.com\/index.php\/wp-json\/wp\/v2\/media\/108212"}],"wp:attachment":[{"href":"https:\/\/diariodigitalmx.com\/index.php\/wp-json\/wp\/v2\/media?parent=108210"}],"wp:term":[{"taxonomy":"category","embeddable":true,"href":"https:\/\/diariodigitalmx.com\/index.php\/wp-json\/wp\/v2\/categories?post=108210"},{"taxonomy":"post_tag","embeddable":true,"href":"https:\/\/diariodigitalmx.com\/index.php\/wp-json\/wp\/v2\/tags?post=108210"}],"curies":[{"name":"wp","href":"https:\/\/api.w.org\/{rel}","templated":true}]}}