{"id":108218,"date":"2023-10-26T11:21:35","date_gmt":"2023-10-26T16:21:35","guid":{"rendered":"http:\/\/diariodigitalmx.com\/?p=108218"},"modified":"2023-10-26T11:23:05","modified_gmt":"2023-10-26T16:23:05","slug":"dice-samuel-garcia-no-mordera-la-manzana-podrida-y-que-no-entregara-su-gobierno-sigue-el-pleito-de-siempre","status":"publish","type":"post","link":"https:\/\/diariodigitalmx.com\/index.php\/2023\/10\/26\/dice-samuel-garcia-no-mordera-la-manzana-podrida-y-que-no-entregara-su-gobierno-sigue-el-pleito-de-siempre\/","title":{"rendered":"Dice Samuel Garc\u00eda no morder\u00e1 la manzana podrida y que no entregar\u00e1 su gobierno; sigue el pleito de siempre"},"content":{"rendered":"\n<p><br>Monterrey. &#8211; Samuel Garc\u00eda afirm\u00f3 que no les va a dar su gobierno al PRIAN y despectivamente llam\u00f3 &#8220;manzana podrida&#8221; al gobernador interino Arturo Salinas, a quien apodan &#8220;la manzanita&#8221;.<\/p>\n\n\n\n<p>&#8220;Tranquilos no hay manera que yo muerda esa manzana envenenada. Esa manzana prohibida. No le voy a dar mi Gobierno y el nuevo Nuevo Le\u00f3n y su mejor momento al PRIAN. JAM\u00c1S y que regrese la corrupci\u00f3n y mediocridad de la Vieja Pol\u00edtica (PRIAN)&#8221;, public\u00f3 en sus redes sociales.<\/p>\n\n\n\n<p>El gobernador de Nuevo Le\u00f3n mantuvo la postura sostenida a lo largo de su administraci\u00f3n de enfrentar a la oposici\u00f3n desde las redes sociales con ataques, al llamarlos hambreados y ternuras.<\/p>\n\n\n\n<p>&#8220;Muy pronto se les va a caer su circo&#8221;, a\u00f1adi\u00f3, &#8220;los vamos a borrar \/ eliminar de M\u00c9XICO y el PRIAN va a pagar todas las consecuencias de sus actos&#8221;.<\/p>\n\n\n\n<p>&#8220;Ayer demostraron el miedo y pavor que nos tienen y que su proyecto X est\u00e1 desinflado y en la lona&#8221;, expuso.<\/p>\n\n\n\n<p>&#8220;Todo mal hecho, dan risa ternuritas\u2026 se les va a caer su circo muy pronto y pagar\u00e1n todas las consecuencias&#8221;, a\u00f1adi\u00f3.<\/p>\n\n\n\n<p>&#8220;Los hambreados del PRIAN como siempre hacen todo con las patas, en su circo a las carreras no se dieron cuenta de que su golpe fallido es tan ilegal que hasta al que quieren nombrar est\u00e1 legalmente imposibilitado&#8221;, acus\u00f3.<\/p>\n\n\n\n<p>El mi\u00e9rcoles el Congreso local le aprob\u00f3 a Garc\u00eda la licencia por seis meses para que vaya a buscar la candidatura presidencial, y nombr\u00f3 como interino a Arturo Salinas, quien a su vez solicit\u00f3 licencia a la presidencia del Tribunal Superior de Justicia, lo que no le va parecido al gobernador quien propuso al secretario de Gobierno, Javier Navarro.<\/p>\n","protected":false},"excerpt":{"rendered":"<p>Monterrey. &#8211; Samuel Garc\u00eda afirm\u00f3 que no les va a dar su gobierno al PRIAN y despectivamente llam\u00f3 &#8220;manzana podrida&#8221; al gobernador interino Arturo Salinas, a quien apodan &#8220;la manzanita&#8221;. &#8220;Tranquilos no hay manera que yo muerda esa manzana envenenada. Esa manzana prohibida. No le voy a dar mi Gobierno y el nuevo Nuevo Le\u00f3n [&hellip;]<\/p>\n","protected":false},"author":1,"featured_media":108221,"comment_status":"open","ping_status":"open","sticky":true,"template":"","format":"standard","meta":{"footnotes":""},"categories":[2,3],"tags":[],"_links":{"self":[{"href":"https:\/\/diariodigitalmx.com\/index.php\/wp-json\/wp\/v2\/posts\/108218"}],"collection":[{"href":"https:\/\/diariodigitalmx.com\/index.php\/wp-json\/wp\/v2\/posts"}],"about":[{"href":"https:\/\/diariodigitalmx.com\/index.php\/wp-json\/wp\/v2\/types\/post"}],"author":[{"embeddable":true,"href":"https:\/\/diariodigitalmx.com\/index.php\/wp-json\/wp\/v2\/users\/1"}],"replies":[{"embeddable":true,"href":"https:\/\/diariodigitalmx.com\/index.php\/wp-json\/wp\/v2\/comments?post=108218"}],"version-history":[{"count":1,"href":"https:\/\/diariodigitalmx.com\/index.php\/wp-json\/wp\/v2\/posts\/108218\/revisions"}],"predecessor-version":[{"id":108219,"href":"https:\/\/diariodigitalmx.com\/index.php\/wp-json\/wp\/v2\/posts\/108218\/revisions\/108219"}],"wp:featuredmedia":[{"embeddable":true,"href":"https:\/\/diariodigitalmx.com\/index.php\/wp-json\/wp\/v2\/media\/108221"}],"wp:attachment":[{"href":"https:\/\/diariodigitalmx.com\/index.php\/wp-json\/wp\/v2\/media?parent=108218"}],"wp:term":[{"taxonomy":"category","embeddable":true,"href":"https:\/\/diariodigitalmx.com\/index.php\/wp-json\/wp\/v2\/categories?post=108218"},{"taxonomy":"post_tag","embeddable":true,"href":"https:\/\/diariodigitalmx.com\/index.php\/wp-json\/wp\/v2\/tags?post=108218"}],"curies":[{"name":"wp","href":"https:\/\/api.w.org\/{rel}","templated":true}]}}