{"id":108222,"date":"2023-10-26T12:28:37","date_gmt":"2023-10-26T17:28:37","guid":{"rendered":"http:\/\/diariodigitalmx.com\/?p=108222"},"modified":"2023-10-26T12:30:09","modified_gmt":"2023-10-26T17:30:09","slug":"lanza-escobedo-llamado-de-apoyo-para-afectados-del-huracan-otis","status":"publish","type":"post","link":"https:\/\/diariodigitalmx.com\/index.php\/2023\/10\/26\/lanza-escobedo-llamado-de-apoyo-para-afectados-del-huracan-otis\/","title":{"rendered":"Lanza Escobedo llamado de apoyo para afectados del Hurac\u00e1n &#8220;Otis&#8221;"},"content":{"rendered":"\n<p>En solidaridad con las familias de Guerrero afectadas por el Hurac\u00e1n &#8220;Otis&#8221;, el Alcalde Andr\u00e9s Mijes inform\u00f3 a trav\u00e9s de sus redes sociales que habilitar\u00e1n un centro de acopio en el DIF Municipal para recaudar ropa, comida y art\u00edculos de primera necesidad.<\/p>\n\n\n\n<p>En su mensaje, el Alcalde dijo que es importante \u201cechar una mano\u201d a quienes est\u00e1n viviendo momentos dif\u00edciles, por lo que a partir de este jueves, piden el apoyo de ciudadanos y empresarios para reunir v\u00edveres en el centro de acopio del DIF, ubicado en Ra\u00fal Salinas n\u00famero 800, en la Colonia Celestino Gasca.<\/p>\n\n\n\n<p>&#8220;Quiero apelar a la solidaridad de los escobedenses a que seamos solidarios con nuestros amigos, nuestros compatriotas de Acapulco (Guerrero), y por esa raz\u00f3n vamos a instalar un centro de acopio en el DIF Municipal donde estaremos recibiendo v\u00edveres enlatados, medicamentos que no est\u00e9n caducados y ropa que venga clasificada por edades, en fin, todo lo necesario&#8221;, coment\u00f3 el Mun\u00edcipe.<\/p>\n\n\n\n<figure class=\"wp-block-image size-large\"><img loading=\"lazy\" decoding=\"async\" width=\"1024\" height=\"683\" src=\"http:\/\/diariodigitalmx.com\/wp-content\/uploads\/2023\/10\/Q9A7618-1024x683.jpg\" alt=\"\" class=\"wp-image-108225\" srcset=\"https:\/\/diariodigitalmx.com\/wp-content\/uploads\/2023\/10\/Q9A7618-1024x683.jpg 1024w, https:\/\/diariodigitalmx.com\/wp-content\/uploads\/2023\/10\/Q9A7618-300x200.jpg 300w, https:\/\/diariodigitalmx.com\/wp-content\/uploads\/2023\/10\/Q9A7618-768x512.jpg 768w, https:\/\/diariodigitalmx.com\/wp-content\/uploads\/2023\/10\/Q9A7618-1536x1024.jpg 1536w, https:\/\/diariodigitalmx.com\/wp-content\/uploads\/2023\/10\/Q9A7618-2048x1365.jpg 2048w\" sizes=\"(max-width: 1024px) 100vw, 1024px\" \/><\/figure>\n\n\n\n<p>Lo que se pide a los ciudadanos es apoyar con comida enlatada, ropa, art\u00edculos de higiene personal, medicamentos no caducos, entre otros.<\/p>\n\n\n\n<p>El apoyo se estar\u00e1 recibiendo en las oficinas del DIF Municipal en un horario de 9:00 de la ma\u00f1ana a 5:00 de la tarde.<\/p>\n\n\n\n<p><strong>Art\u00edculos:<\/strong><\/p>\n\n\n\n<p>&#8211; Comida enlatada<\/p>\n\n\n\n<p>&#8211; Alimentos no perecederos sellados (frijol, arroz, sopas, etc.)<\/p>\n\n\n\n<p>&#8211; Leche en polvo<\/p>\n\n\n\n<p>&#8211; Az\u00facar y sal<\/p>\n\n\n\n<p>&#8211; Alimento para perros\/ gato<\/p>\n\n\n\n<p><strong>Art\u00edculos de higiene personal<\/strong><\/p>\n\n\n\n<p>&#8211; Jab\u00f3n<\/p>\n\n\n\n<p>&#8211; Shampoo<\/p>\n\n\n\n<p>&#8211; Papel higi\u00e9nico<\/p>\n\n\n\n<p>&#8211; Toallas femeninas<\/p>\n\n\n\n<p>&#8211; Pa\u00f1ales para beb\u00e9 y adulto<\/p>\n\n\n\n<p><strong>Medicamentos (No caducos)<\/strong><\/p>\n\n\n\n<p>&#8211; Analg\u00e9sicos<\/p>\n\n\n\n<p>&#8211; Antibi\u00f3ticos<\/p>\n\n\n\n<p>&#8211; Antidiarr\u00e9icos<\/p>\n\n\n\n<p>&#8211; Insumos para primeros auxilios<\/p>\n\n\n\n<p>Adem\u00e1s, se recibir\u00e1 ropa en buen estado que est\u00e9 clasificada.<\/p>\n","protected":false},"excerpt":{"rendered":"<p>En solidaridad con las familias de Guerrero afectadas por el Hurac\u00e1n &#8220;Otis&#8221;, el Alcalde Andr\u00e9s Mijes inform\u00f3 a trav\u00e9s de sus redes sociales que habilitar\u00e1n un centro de acopio en el DIF Municipal para recaudar ropa, comida y art\u00edculos de primera necesidad. En su mensaje, el Alcalde dijo que es importante \u201cechar una mano\u201d a [&hellip;]<\/p>\n","protected":false},"author":1,"featured_media":108224,"comment_status":"open","ping_status":"open","sticky":true,"template":"","format":"standard","meta":{"footnotes":""},"categories":[14,6],"tags":[],"_links":{"self":[{"href":"https:\/\/diariodigitalmx.com\/index.php\/wp-json\/wp\/v2\/posts\/108222"}],"collection":[{"href":"https:\/\/diariodigitalmx.com\/index.php\/wp-json\/wp\/v2\/posts"}],"about":[{"href":"https:\/\/diariodigitalmx.com\/index.php\/wp-json\/wp\/v2\/types\/post"}],"author":[{"embeddable":true,"href":"https:\/\/diariodigitalmx.com\/index.php\/wp-json\/wp\/v2\/users\/1"}],"replies":[{"embeddable":true,"href":"https:\/\/diariodigitalmx.com\/index.php\/wp-json\/wp\/v2\/comments?post=108222"}],"version-history":[{"count":2,"href":"https:\/\/diariodigitalmx.com\/index.php\/wp-json\/wp\/v2\/posts\/108222\/revisions"}],"predecessor-version":[{"id":108227,"href":"https:\/\/diariodigitalmx.com\/index.php\/wp-json\/wp\/v2\/posts\/108222\/revisions\/108227"}],"wp:featuredmedia":[{"embeddable":true,"href":"https:\/\/diariodigitalmx.com\/index.php\/wp-json\/wp\/v2\/media\/108224"}],"wp:attachment":[{"href":"https:\/\/diariodigitalmx.com\/index.php\/wp-json\/wp\/v2\/media?parent=108222"}],"wp:term":[{"taxonomy":"category","embeddable":true,"href":"https:\/\/diariodigitalmx.com\/index.php\/wp-json\/wp\/v2\/categories?post=108222"},{"taxonomy":"post_tag","embeddable":true,"href":"https:\/\/diariodigitalmx.com\/index.php\/wp-json\/wp\/v2\/tags?post=108222"}],"curies":[{"name":"wp","href":"https:\/\/api.w.org\/{rel}","templated":true}]}}