{"id":108232,"date":"2023-10-26T19:19:10","date_gmt":"2023-10-27T00:19:10","guid":{"rendered":"http:\/\/diariodigitalmx.com\/?p=108232"},"modified":"2023-10-26T19:23:18","modified_gmt":"2023-10-27T00:23:18","slug":"asi-esta-acapulco-no-fluye-ayuda-y-emiten-declaratoria-de-emergencia","status":"publish","type":"post","link":"https:\/\/diariodigitalmx.com\/index.php\/2023\/10\/26\/asi-esta-acapulco-no-fluye-ayuda-y-emiten-declaratoria-de-emergencia\/","title":{"rendered":"As\u00ed est\u00e1 Acapulco; no fluye ayuda y emiten declaratoria de emergencia"},"content":{"rendered":"\n<p>Acapulco, Guerrero.- Devastado, el puerto de Acapulco sufre los efectos del paso del Hurac\u00e1n &#8220;Otis&#8221; y sus habitantes y turistas que fueron atrapados por el fen\u00f3meno metereol\u00f3gico no tienen alimentos, electricidad, gasolina e internet, entre otras necesidades.<\/p>\n\n\n\n<p>Por otra parte, el Gobierno federal emiti\u00f3 la declaratoria de emergencia para atender las afectaciones ocasionadas por el hurac\u00e1n Otis en costas del Estado de Guerrero especialmente en el municipio de Acapulco.<\/p>\n\n\n\n<p>&#8220;Ha sido emitida la Declaratoria de Emergencias por parte de la Coordinaci\u00f3n Nacional de Protecci\u00f3n Civil para atender las afectaciones provocadas por el paso devastador del Huracan Otis. Con este acuerdo se activan los recursos del Programa para la Atenci\u00f3n de Emergencias por Amenazas Naturales para nuestro Estado&#8221;, inform\u00f3 la gobernadora Evelyn Salgado.<\/p>\n\n\n\n<p>Ademas, la ayuda para miles de damnificados todav\u00eda no fluye y solo llegan brigadas de apoyo para labores de limpieza procedentes de estados vecinos como la Ciudad de M\u00e9xico.<\/p>\n\n\n\n<p>La falta de ayuda en v\u00edveres para una ciudad devastada ha puesto en evidencia la falta de coordinaci\u00f3n de las autoridades federales que, a pesar de los constantes da\u00f1os por m\u00faltiples fen\u00f3menos naturales, poco ha aprendido en el tema de desastres.<\/p>\n\n\n\n<figure class=\"wp-block-image size-full\"><img loading=\"lazy\" decoding=\"async\" width=\"425\" height=\"230\" src=\"http:\/\/diariodigitalmx.com\/wp-content\/uploads\/2023\/10\/f425x230-507836_521818_0.jpg\" alt=\"\" class=\"wp-image-108235\" srcset=\"https:\/\/diariodigitalmx.com\/wp-content\/uploads\/2023\/10\/f425x230-507836_521818_0.jpg 425w, https:\/\/diariodigitalmx.com\/wp-content\/uploads\/2023\/10\/f425x230-507836_521818_0-300x162.jpg 300w\" sizes=\"(max-width: 425px) 100vw, 425px\" \/><\/figure>\n\n\n\n<p>Asimismo, la rapi\u00f1a impera al saquear alimentos de negocios incluidas pantallas y joyas en casas de empe\u00f1o.<\/p>\n\n\n\n<p>Las autoridades reportaron 134 tiendas saqueadas en las colonias Renacimiento, Vacacional, Kil\u00f3metro 21 y la Postal, Oxxos, cremer\u00edas, tiendas de empe\u00f1o, de abarrotes y hasta muebler\u00edas vaciadas.<\/p>\n\n\n\n<p>De las 23 gasolineras del puerto s\u00f3lo una da servicio en la Costera junto a la Base Naval.<\/p>\n","protected":false},"excerpt":{"rendered":"<p>Acapulco, Guerrero.- Devastado, el puerto de Acapulco sufre los efectos del paso del Hurac\u00e1n &#8220;Otis&#8221; y sus habitantes y turistas que fueron atrapados por el fen\u00f3meno metereol\u00f3gico no tienen alimentos, electricidad, gasolina e internet, entre otras necesidades. Por otra parte, el Gobierno federal emiti\u00f3 la declaratoria de emergencia para atender las afectaciones ocasionadas por el [&hellip;]<\/p>\n","protected":false},"author":1,"featured_media":108234,"comment_status":"open","ping_status":"open","sticky":true,"template":"","format":"standard","meta":{"footnotes":""},"categories":[2,3],"tags":[],"_links":{"self":[{"href":"https:\/\/diariodigitalmx.com\/index.php\/wp-json\/wp\/v2\/posts\/108232"}],"collection":[{"href":"https:\/\/diariodigitalmx.com\/index.php\/wp-json\/wp\/v2\/posts"}],"about":[{"href":"https:\/\/diariodigitalmx.com\/index.php\/wp-json\/wp\/v2\/types\/post"}],"author":[{"embeddable":true,"href":"https:\/\/diariodigitalmx.com\/index.php\/wp-json\/wp\/v2\/users\/1"}],"replies":[{"embeddable":true,"href":"https:\/\/diariodigitalmx.com\/index.php\/wp-json\/wp\/v2\/comments?post=108232"}],"version-history":[{"count":3,"href":"https:\/\/diariodigitalmx.com\/index.php\/wp-json\/wp\/v2\/posts\/108232\/revisions"}],"predecessor-version":[{"id":108237,"href":"https:\/\/diariodigitalmx.com\/index.php\/wp-json\/wp\/v2\/posts\/108232\/revisions\/108237"}],"wp:featuredmedia":[{"embeddable":true,"href":"https:\/\/diariodigitalmx.com\/index.php\/wp-json\/wp\/v2\/media\/108234"}],"wp:attachment":[{"href":"https:\/\/diariodigitalmx.com\/index.php\/wp-json\/wp\/v2\/media?parent=108232"}],"wp:term":[{"taxonomy":"category","embeddable":true,"href":"https:\/\/diariodigitalmx.com\/index.php\/wp-json\/wp\/v2\/categories?post=108232"},{"taxonomy":"post_tag","embeddable":true,"href":"https:\/\/diariodigitalmx.com\/index.php\/wp-json\/wp\/v2\/tags?post=108232"}],"curies":[{"name":"wp","href":"https:\/\/api.w.org\/{rel}","templated":true}]}}