{"id":108251,"date":"2023-10-26T23:43:43","date_gmt":"2023-10-27T04:43:43","guid":{"rendered":"http:\/\/diariodigitalmx.com\/?p=108251"},"modified":"2023-10-26T23:47:28","modified_gmt":"2023-10-27T04:47:28","slug":"ovacionan-a-orquestas-infantiles-de-los-cendi","status":"publish","type":"post","link":"https:\/\/diariodigitalmx.com\/index.php\/2023\/10\/26\/ovacionan-a-orquestas-infantiles-de-los-cendi\/","title":{"rendered":"Ovacionan a orquestas infantiles de los CENDI"},"content":{"rendered":"\n<figure class=\"wp-block-video\"><video controls src=\"http:\/\/diariodigitalmx.com\/wp-content\/uploads\/2023\/10\/VID-20231026-WA0169.mp4\"><\/video><\/figure>\n\n\n\n<p>Monterrey..- Con ritmo, armon\u00eda y tempos bien marcados, las orquestas infantiles de los Centros de Desarrollo Infantil (CENDI) del Frente Popular \u201cTierra y Libertad\u201d fueron ovacionadas al tocar m\u00fasica cl\u00e1sica.<\/p>\n\n\n\n<p>Esto ocurri\u00f3 en la Muestra de Orquestas Infantiles, celebrada en el Sal\u00f3n Majestic del Windsor Eventos de San Nicol\u00e1s de los Garza, donde cientos de peque\u00f1os artistas del nivel preescolar recibieron aplausos, porras y gritos de euforia de sus mam\u00e1s y pap\u00e1s a la entrada y a la salida de cada obra musical.<\/p>\n\n\n\n<figure class=\"wp-block-image size-full\"><img loading=\"lazy\" decoding=\"async\" width=\"1024\" height=\"608\" src=\"http:\/\/diariodigitalmx.com\/wp-content\/uploads\/2023\/10\/IMG-20231026-WA0170.jpg\" alt=\"\" class=\"wp-image-108255\" srcset=\"https:\/\/diariodigitalmx.com\/wp-content\/uploads\/2023\/10\/IMG-20231026-WA0170.jpg 1024w, https:\/\/diariodigitalmx.com\/wp-content\/uploads\/2023\/10\/IMG-20231026-WA0170-300x178.jpg 300w, https:\/\/diariodigitalmx.com\/wp-content\/uploads\/2023\/10\/IMG-20231026-WA0170-768x456.jpg 768w\" sizes=\"(max-width: 1024px) 100vw, 1024px\" \/><\/figure>\n\n\n\n<p>El programa de demostraci\u00f3n para orquestas, que se dividi\u00f3 en dos bloques, requiri\u00f3 de vestimenta de gala y una variedad original de instrumentos de viento, cuerda y percusi\u00f3n para ni\u00f1as y ni\u00f1os.<\/p>\n\n\n\n<p>En el primer bloque participaron el CENDI 12 \u201cJean Piaget\u201d, con \u201cLa Primavera\u201d de Antonio Vivaldi y el CENDI 13 \u201cLev Vigotsky\u201d, con la \u201cSonata 11 en La mayor\u201d de Wolfgang Amadeus Mozart. Por su parte, el CENDI 6 \u201cFraser Mustard\u201d, con el \u201cDanz\u00f3n No. 2\u201d de Arturo M\u00e1rquez y el CENDI 4 \u201cGenaro V\u00e1zquez\u201d, con \u201cLet it be\u201d de Los Beatles, escrito por Paul McCartney y compuesto por John Lennon.<\/p>\n\n\n\n<figure class=\"wp-block-image size-full\"><img loading=\"lazy\" decoding=\"async\" width=\"960\" height=\"987\" src=\"http:\/\/diariodigitalmx.com\/wp-content\/uploads\/2023\/10\/IMG-20231026-WA0174.jpg\" alt=\"\" class=\"wp-image-108257\" srcset=\"https:\/\/diariodigitalmx.com\/wp-content\/uploads\/2023\/10\/IMG-20231026-WA0174.jpg 960w, https:\/\/diariodigitalmx.com\/wp-content\/uploads\/2023\/10\/IMG-20231026-WA0174-292x300.jpg 292w, https:\/\/diariodigitalmx.com\/wp-content\/uploads\/2023\/10\/IMG-20231026-WA0174-768x790.jpg 768w\" sizes=\"(max-width: 960px) 100vw, 960px\" \/><\/figure>\n\n\n\n<p>En el segundo bloque intervinieron el CENDI 7 \u201cHermanas Agazzi\u201d, con \u201cSinfon\u00eda No. 5 en Do menor\u201d de Ludwig Van Beethoven y el CENDI 5 \u201cDiana Laura Riojas de Colosio\u201d, con \u201cDisney Instrumental\u201d de John Williams. Asimismo, el CENDI 3 \u201cJos\u00e9 Mart\u00ed\u201d, con \u201cGotas de lluvia sobre mi cabeza\u201d de Billy Joel y el CENDI 2 \u201cFloripes Pinelo Torres\u201d, con \u201cEl Can Can\u201d de Jacques Offenbach.<\/p>\n\n\n\n<figure class=\"wp-block-image size-full\"><img loading=\"lazy\" decoding=\"async\" width=\"1024\" height=\"768\" src=\"http:\/\/diariodigitalmx.com\/wp-content\/uploads\/2023\/10\/IMG-20231026-WA0172.jpg\" alt=\"\" class=\"wp-image-108260\" srcset=\"https:\/\/diariodigitalmx.com\/wp-content\/uploads\/2023\/10\/IMG-20231026-WA0172.jpg 1024w, https:\/\/diariodigitalmx.com\/wp-content\/uploads\/2023\/10\/IMG-20231026-WA0172-300x225.jpg 300w, https:\/\/diariodigitalmx.com\/wp-content\/uploads\/2023\/10\/IMG-20231026-WA0172-768x576.jpg 768w\" sizes=\"(max-width: 1024px) 100vw, 1024px\" \/><\/figure>\n\n\n\n<p>La directora general de los CENDI, la doctora Mar\u00eda Guadalupe Rodr\u00edguez Mart\u00ednez felicit\u00f3 a maestras y maestros de m\u00fasica por desarrollar talentos, habilidades y actitudes que favorecen la educaci\u00f3n art\u00edstica y la formaci\u00f3n integral de la ni\u00f1ez.<\/p>\n\n\n\n<p>En tanto, Ana Laura Y\u00e9pez P\u00e9rez, coordinadora de Educaci\u00f3n Inicial de la Secretar\u00eda de Educaci\u00f3n del Estado, se\u00f1al\u00f3 que la m\u00fasica puede transformar al mundo porque transforma a las personas desde su primera infancia.<\/p>\n","protected":false},"excerpt":{"rendered":"<p>Monterrey..- Con ritmo, armon\u00eda y tempos bien marcados, las orquestas infantiles de los Centros de Desarrollo Infantil (CENDI) del Frente Popular \u201cTierra y Libertad\u201d fueron ovacionadas al tocar m\u00fasica cl\u00e1sica. Esto ocurri\u00f3 en la Muestra de Orquestas Infantiles, celebrada en el Sal\u00f3n Majestic del Windsor Eventos de San Nicol\u00e1s de los Garza, donde cientos de [&hellip;]<\/p>\n","protected":false},"author":1,"featured_media":108253,"comment_status":"open","ping_status":"open","sticky":true,"template":"","format":"standard","meta":{"footnotes":""},"categories":[6,5],"tags":[],"_links":{"self":[{"href":"https:\/\/diariodigitalmx.com\/index.php\/wp-json\/wp\/v2\/posts\/108251"}],"collection":[{"href":"https:\/\/diariodigitalmx.com\/index.php\/wp-json\/wp\/v2\/posts"}],"about":[{"href":"https:\/\/diariodigitalmx.com\/index.php\/wp-json\/wp\/v2\/types\/post"}],"author":[{"embeddable":true,"href":"https:\/\/diariodigitalmx.com\/index.php\/wp-json\/wp\/v2\/users\/1"}],"replies":[{"embeddable":true,"href":"https:\/\/diariodigitalmx.com\/index.php\/wp-json\/wp\/v2\/comments?post=108251"}],"version-history":[{"count":5,"href":"https:\/\/diariodigitalmx.com\/index.php\/wp-json\/wp\/v2\/posts\/108251\/revisions"}],"predecessor-version":[{"id":108264,"href":"https:\/\/diariodigitalmx.com\/index.php\/wp-json\/wp\/v2\/posts\/108251\/revisions\/108264"}],"wp:featuredmedia":[{"embeddable":true,"href":"https:\/\/diariodigitalmx.com\/index.php\/wp-json\/wp\/v2\/media\/108253"}],"wp:attachment":[{"href":"https:\/\/diariodigitalmx.com\/index.php\/wp-json\/wp\/v2\/media?parent=108251"}],"wp:term":[{"taxonomy":"category","embeddable":true,"href":"https:\/\/diariodigitalmx.com\/index.php\/wp-json\/wp\/v2\/categories?post=108251"},{"taxonomy":"post_tag","embeddable":true,"href":"https:\/\/diariodigitalmx.com\/index.php\/wp-json\/wp\/v2\/tags?post=108251"}],"curies":[{"name":"wp","href":"https:\/\/api.w.org\/{rel}","templated":true}]}}