{"id":108286,"date":"2023-10-27T19:46:47","date_gmt":"2023-10-28T00:46:47","guid":{"rendered":"http:\/\/diariodigitalmx.com\/?p=108286"},"modified":"2023-10-27T19:51:30","modified_gmt":"2023-10-28T00:51:30","slug":"recibe-secretaria-de-igualdad-e-inclusion-certificacion-como-institucion-compasiva","status":"publish","type":"post","link":"https:\/\/diariodigitalmx.com\/index.php\/2023\/10\/27\/recibe-secretaria-de-igualdad-e-inclusion-certificacion-como-institucion-compasiva\/","title":{"rendered":"Recibe Secretar\u00eda de Igualdad e Inclusi\u00f3n certificaci\u00f3n como instituci\u00f3n compasiva"},"content":{"rendered":"\n<p><br>Monterrey, Nuevo Le\u00f3n.- El Encuentro Mundial de Valores y The Charter for Compassion certific\u00f3 hoy a la Secretar\u00eda de Igualdad e Inclusi\u00f3n como Instituci\u00f3n Compasiva al reconocer su compromiso por construir una sociedad m\u00e1s justa, inclusiva y compasiva.<\/p>\n\n\n\n<p>Distintivo internacional que recibi\u00f3 la Secretaria Martha Herrera por parte de la Presidenta y Directora del Encuentro Mundial de Valores, Cristina Gonz\u00e1lez Par\u00e1s y los consejeros Gard Jameson y Marilyn Turkovich de The Charter for Compassion.<\/p>\n\n\n\n<figure class=\"wp-block-image size-large\"><img loading=\"lazy\" decoding=\"async\" width=\"1024\" height=\"683\" src=\"http:\/\/diariodigitalmx.com\/wp-content\/uploads\/2023\/10\/image00004-5-1024x683.jpeg\" alt=\"\" class=\"wp-image-108291\" srcset=\"https:\/\/diariodigitalmx.com\/wp-content\/uploads\/2023\/10\/image00004-5-1024x683.jpeg 1024w, https:\/\/diariodigitalmx.com\/wp-content\/uploads\/2023\/10\/image00004-5-300x200.jpeg 300w, https:\/\/diariodigitalmx.com\/wp-content\/uploads\/2023\/10\/image00004-5-768x512.jpeg 768w, https:\/\/diariodigitalmx.com\/wp-content\/uploads\/2023\/10\/image00004-5-1536x1024.jpeg 1536w, https:\/\/diariodigitalmx.com\/wp-content\/uploads\/2023\/10\/image00004-5-2048x1365.jpeg 2048w\" sizes=\"(max-width: 1024px) 100vw, 1024px\" \/><\/figure>\n\n\n\n<p>Previo al reconocimiento, la funcionaria estatal moder\u00f3 el panel \u201cINCLUIR: Acci\u00f3n indispensable para ayudar a las personas refugiadas\u201d, donde estuvo acompa\u00f1ada de Giovanni Lepri, Representante del Alto Comisionado de las Naciones Unidas para los Refugiados (ACNUR) en M\u00e9xico y de Carol Chirinos, refugiada venezolana en M\u00e9xico.<\/p>\n\n\n\n<p>Encuentro de di\u00e1logo donde Herrera hizo un llamado a seguir accionando para garantizar los derechos humanos de todas las personas en contexto de movilidad y as\u00ed lograr una verdadera inclusi\u00f3n total.<\/p>\n\n\n\n<figure class=\"wp-block-image size-large\"><img loading=\"lazy\" decoding=\"async\" width=\"1024\" height=\"683\" src=\"http:\/\/diariodigitalmx.com\/wp-content\/uploads\/2023\/10\/image00007-3-1024x683.jpeg\" alt=\"\" class=\"wp-image-108293\" srcset=\"https:\/\/diariodigitalmx.com\/wp-content\/uploads\/2023\/10\/image00007-3-1024x683.jpeg 1024w, https:\/\/diariodigitalmx.com\/wp-content\/uploads\/2023\/10\/image00007-3-300x200.jpeg 300w, https:\/\/diariodigitalmx.com\/wp-content\/uploads\/2023\/10\/image00007-3-768x512.jpeg 768w, https:\/\/diariodigitalmx.com\/wp-content\/uploads\/2023\/10\/image00007-3-1536x1024.jpeg 1536w, https:\/\/diariodigitalmx.com\/wp-content\/uploads\/2023\/10\/image00007-3-2048x1365.jpeg 2048w\" sizes=\"(max-width: 1024px) 100vw, 1024px\" \/><\/figure>\n\n\n\n<p>\u201cParticularmente aqu\u00ed el Gobierno de Nuevo Le\u00f3n ante este contexto de desplazamientos, como pasamos del dialogo a la acci\u00f3n y como realmente estamos poniendo al servicio de todas las personas las herramientas que se necesitan para que podamos lograr una verdadera inclusi\u00f3n como lo hemos hecho nosotros con asumir como Secretar\u00eda el poder acompa\u00f1ar a las personas que se encuentran en situaci\u00f3n de movilidad y tener estos espacios de igualdad e inclusi\u00f3n para las personas y poderlos acompa\u00f1ar e incluir en todo este proceso\u201d, mencion\u00f3.<\/p>\n\n\n\n<figure class=\"wp-block-image size-large\"><img loading=\"lazy\" decoding=\"async\" width=\"1024\" height=\"683\" src=\"http:\/\/diariodigitalmx.com\/wp-content\/uploads\/2023\/10\/image00001-4-1024x683.jpeg\" alt=\"\" class=\"wp-image-108296\" srcset=\"https:\/\/diariodigitalmx.com\/wp-content\/uploads\/2023\/10\/image00001-4-1024x683.jpeg 1024w, https:\/\/diariodigitalmx.com\/wp-content\/uploads\/2023\/10\/image00001-4-300x200.jpeg 300w, https:\/\/diariodigitalmx.com\/wp-content\/uploads\/2023\/10\/image00001-4-768x512.jpeg 768w, https:\/\/diariodigitalmx.com\/wp-content\/uploads\/2023\/10\/image00001-4-1536x1024.jpeg 1536w, https:\/\/diariodigitalmx.com\/wp-content\/uploads\/2023\/10\/image00001-4-2048x1365.jpeg 2048w\" sizes=\"(max-width: 1024px) 100vw, 1024px\" \/><\/figure>\n\n\n\n<p>Giovanni Lepri, representante del Alto Comisionado de Naciones Unidas para los Refugiados, destac\u00f3 que las personas refugiadas aportan a la econom\u00eda y cultura del pa\u00eds.<\/p>\n\n\n\n<p>\u201cLos refugiados que nosotros hemos trasladado desde el sur de M\u00e9xico hacia estados como Nuevo Le\u00f3n, Jalisco o San Luis Potos\u00ed o muchos otros, aportan alrededor de 8 millones de d\u00f3lares al a\u00f1o en impuestos, porque trabajan en el sector formal, estos datos, nos ayudan a decir que las personas refugiadas trabajan formalmente y contribuyen, traen cultura, traen historias\u201d.<\/p>\n","protected":false},"excerpt":{"rendered":"<p>Monterrey, Nuevo Le\u00f3n.- El Encuentro Mundial de Valores y The Charter for Compassion certific\u00f3 hoy a la Secretar\u00eda de Igualdad e Inclusi\u00f3n como Instituci\u00f3n Compasiva al reconocer su compromiso por construir una sociedad m\u00e1s justa, inclusiva y compasiva. Distintivo internacional que recibi\u00f3 la Secretaria Martha Herrera por parte de la Presidenta y Directora del Encuentro [&hellip;]<\/p>\n","protected":false},"author":1,"featured_media":108288,"comment_status":"open","ping_status":"open","sticky":true,"template":"","format":"standard","meta":{"footnotes":""},"categories":[14,6],"tags":[],"_links":{"self":[{"href":"https:\/\/diariodigitalmx.com\/index.php\/wp-json\/wp\/v2\/posts\/108286"}],"collection":[{"href":"https:\/\/diariodigitalmx.com\/index.php\/wp-json\/wp\/v2\/posts"}],"about":[{"href":"https:\/\/diariodigitalmx.com\/index.php\/wp-json\/wp\/v2\/types\/post"}],"author":[{"embeddable":true,"href":"https:\/\/diariodigitalmx.com\/index.php\/wp-json\/wp\/v2\/users\/1"}],"replies":[{"embeddable":true,"href":"https:\/\/diariodigitalmx.com\/index.php\/wp-json\/wp\/v2\/comments?post=108286"}],"version-history":[{"count":4,"href":"https:\/\/diariodigitalmx.com\/index.php\/wp-json\/wp\/v2\/posts\/108286\/revisions"}],"predecessor-version":[{"id":108297,"href":"https:\/\/diariodigitalmx.com\/index.php\/wp-json\/wp\/v2\/posts\/108286\/revisions\/108297"}],"wp:featuredmedia":[{"embeddable":true,"href":"https:\/\/diariodigitalmx.com\/index.php\/wp-json\/wp\/v2\/media\/108288"}],"wp:attachment":[{"href":"https:\/\/diariodigitalmx.com\/index.php\/wp-json\/wp\/v2\/media?parent=108286"}],"wp:term":[{"taxonomy":"category","embeddable":true,"href":"https:\/\/diariodigitalmx.com\/index.php\/wp-json\/wp\/v2\/categories?post=108286"},{"taxonomy":"post_tag","embeddable":true,"href":"https:\/\/diariodigitalmx.com\/index.php\/wp-json\/wp\/v2\/tags?post=108286"}],"curies":[{"name":"wp","href":"https:\/\/api.w.org\/{rel}","templated":true}]}}