{"id":108298,"date":"2023-10-27T20:02:02","date_gmt":"2023-10-28T01:02:02","guid":{"rendered":"http:\/\/diariodigitalmx.com\/?p=108298"},"modified":"2023-10-27T20:05:21","modified_gmt":"2023-10-28T01:05:21","slug":"negligente-manejo-de-la-crisis-del-agua-en-nuevo-leon-derechos-humanos","status":"publish","type":"post","link":"https:\/\/diariodigitalmx.com\/index.php\/2023\/10\/27\/negligente-manejo-de-la-crisis-del-agua-en-nuevo-leon-derechos-humanos\/","title":{"rendered":"Negligente manejo de la crisis del agua en Nuevo Le\u00f3n: Derechos Humanos"},"content":{"rendered":"\n<p>Monterrey . &#8211; La Comisi\u00f3n Estatal de Derechos Humanos, emiti\u00f3 una Recomendaci\u00f3n General dirigida al Director General de Agua y Drenaje de Monterrey, Juan Ignacio Barrag\u00e1n Villarreal, luego de acreditarse violaciones graves al menos a once derechos humanos de la comunidad neolonesa, por el negligente manejo de la crisis h\u00eddrica.<br>Olga Susana M\u00e9ndez Arellano, titular de la CEDHNL estableci\u00f3 entre los derechos violentado el de acceso y disposici\u00f3n al agua, los derechos al \u201cm\u00ednimo vital\u201d, a la salud, a la alimentaci\u00f3n, a una vivienda digna, al trabajo, a un medio ambiente sano, a la informaci\u00f3n, a la legalidad, a la dignidad, as\u00ed como a una buena administraci\u00f3n p\u00fablica.<\/p>\n\n\n\n<figure class=\"wp-block-image size-large\"><img loading=\"lazy\" decoding=\"async\" width=\"1024\" height=\"683\" src=\"http:\/\/diariodigitalmx.com\/wp-content\/uploads\/2023\/10\/IMG_1214-1024x683.jpg\" alt=\"\" class=\"wp-image-108303\" srcset=\"https:\/\/diariodigitalmx.com\/wp-content\/uploads\/2023\/10\/IMG_1214-1024x683.jpg 1024w, https:\/\/diariodigitalmx.com\/wp-content\/uploads\/2023\/10\/IMG_1214-300x200.jpg 300w, https:\/\/diariodigitalmx.com\/wp-content\/uploads\/2023\/10\/IMG_1214-768x512.jpg 768w, https:\/\/diariodigitalmx.com\/wp-content\/uploads\/2023\/10\/IMG_1214-1536x1024.jpg 1536w, https:\/\/diariodigitalmx.com\/wp-content\/uploads\/2023\/10\/IMG_1214-2048x1365.jpg 2048w\" sizes=\"(max-width: 1024px) 100vw, 1024px\" \/><\/figure>\n\n\n\n<p>Lo anterior al demostrarse que las medidas adoptadas implicaron una suspensi\u00f3n de derechos sin que se hubiese justificado, que \u00e9stas cumplieran con criterios de racionalidad y razonabilidad y fueran id\u00f3neas, necesarias y proporcionales.<\/p>\n\n\n\n<p>Asimismo, las medidas no se aplicaron con un enfoque diferenciado, atendiendo a las particularidades de las personas, sobre todo, de los grupos de atenci\u00f3n prioritaria; tampoco se cumpli\u00f3 con el derecho a la informaci\u00f3n, ni estuvieron fundadas y motivadas de manera reforzada dichas medidas, lo que gener\u00f3 incertidumbre entre las personas que habitan en la Entidad.<\/p>\n\n\n\n<p>La CEDH advirti\u00f3 que el Gobierno del Estado, a trav\u00e9s de Agua y Drenaje de Monterrey, no cuenta con una pol\u00edtica integral para atender debidamente esta delicada problem\u00e1tica, pues la construcci\u00f3n de una nueva presa no es una soluci\u00f3n de fondo, ya que es indispensable que llueva, para que la presa pueda captar el agua. Dicho de manera sencilla: si no llueve, no habr\u00e1 agua, prueba de ello es que a\u00fan con la apertura de la segunda bomba del acueducto \u201cEl Cuchillo II\u201d sigue persistiendo la escasez del agua.<\/p>\n\n\n\n<p>Solicit\u00f3, entre otras cosas, que el titular de Agua y Drenaje de Monterrey se disculpe, en un acto p\u00fablico, con toda la comunidad neolonesa, por el actuar negligente de la Instituci\u00f3n que dirige.<\/p>\n\n\n\n<p>Asimismo, se determin\u00f3 que se iniciar\u00e1n los procedimientos de responsabilidad correspondientes en contra de las personas del servici\u00f3 p\u00fablico que, con su actuaci\u00f3n, afectaron la debida prestaci\u00f3n del servicio p\u00fablico del vital l\u00edquido.<\/p>\n\n\n\n<p>Se determin\u00f3 que la autoridad responsable realice e impulse diversas estrategias y l\u00edneas de acci\u00f3n relacionadas con las fuentes de abastecimiento, protocolos de actuaci\u00f3n en caso de crisis de agua y\/o afectaciones en el suministro de agua, programas de acceso a tinas-cisternas, reforzamiento de campa\u00f1as de concientizaci\u00f3n, la creaci\u00f3n de un programa de recepci\u00f3n de quejas, as\u00ed como la coordinaci\u00f3n con las Secretar\u00edas Estatales y Municipales que tienen a su cargo el desarrollo urbano y el medio ambiente.<\/p>\n\n\n\n<p>Finalmente, se insta al Director de Agua y Drenaje a impulsar una verdadera pol\u00edtica integral que ataque de fondo este problema y no solo a trav\u00e9s de medidas paliativas.<\/p>\n","protected":false},"excerpt":{"rendered":"<p>Monterrey . &#8211; La Comisi\u00f3n Estatal de Derechos Humanos, emiti\u00f3 una Recomendaci\u00f3n General dirigida al Director General de Agua y Drenaje de Monterrey, Juan Ignacio Barrag\u00e1n Villarreal, luego de acreditarse violaciones graves al menos a once derechos humanos de la comunidad neolonesa, por el negligente manejo de la crisis h\u00eddrica.Olga Susana M\u00e9ndez Arellano, titular de [&hellip;]<\/p>\n","protected":false},"author":1,"featured_media":108301,"comment_status":"open","ping_status":"open","sticky":true,"template":"","format":"standard","meta":{"footnotes":""},"categories":[6,3],"tags":[],"_links":{"self":[{"href":"https:\/\/diariodigitalmx.com\/index.php\/wp-json\/wp\/v2\/posts\/108298"}],"collection":[{"href":"https:\/\/diariodigitalmx.com\/index.php\/wp-json\/wp\/v2\/posts"}],"about":[{"href":"https:\/\/diariodigitalmx.com\/index.php\/wp-json\/wp\/v2\/types\/post"}],"author":[{"embeddable":true,"href":"https:\/\/diariodigitalmx.com\/index.php\/wp-json\/wp\/v2\/users\/1"}],"replies":[{"embeddable":true,"href":"https:\/\/diariodigitalmx.com\/index.php\/wp-json\/wp\/v2\/comments?post=108298"}],"version-history":[{"count":2,"href":"https:\/\/diariodigitalmx.com\/index.php\/wp-json\/wp\/v2\/posts\/108298\/revisions"}],"predecessor-version":[{"id":108304,"href":"https:\/\/diariodigitalmx.com\/index.php\/wp-json\/wp\/v2\/posts\/108298\/revisions\/108304"}],"wp:featuredmedia":[{"embeddable":true,"href":"https:\/\/diariodigitalmx.com\/index.php\/wp-json\/wp\/v2\/media\/108301"}],"wp:attachment":[{"href":"https:\/\/diariodigitalmx.com\/index.php\/wp-json\/wp\/v2\/media?parent=108298"}],"wp:term":[{"taxonomy":"category","embeddable":true,"href":"https:\/\/diariodigitalmx.com\/index.php\/wp-json\/wp\/v2\/categories?post=108298"},{"taxonomy":"post_tag","embeddable":true,"href":"https:\/\/diariodigitalmx.com\/index.php\/wp-json\/wp\/v2\/tags?post=108298"}],"curies":[{"name":"wp","href":"https:\/\/api.w.org\/{rel}","templated":true}]}}