{"id":108329,"date":"2023-10-28T09:09:56","date_gmt":"2023-10-28T14:09:56","guid":{"rendered":"http:\/\/diariodigitalmx.com\/?p=108329"},"modified":"2023-10-28T09:10:47","modified_gmt":"2023-10-28T14:10:47","slug":"designa-samuel-garcia-encargado-del-despacho-al-secretario-de-gobierno-si-cae-interino-arrecia-el-escandalo","status":"publish","type":"post","link":"https:\/\/diariodigitalmx.com\/index.php\/2023\/10\/28\/designa-samuel-garcia-encargado-del-despacho-al-secretario-de-gobierno-si-cae-interino-arrecia-el-escandalo\/","title":{"rendered":"Designa Samuel Garc\u00eda encargado del despacho al secretario de Gobierno si cae interino; arrecia el esc\u00e1ndalo"},"content":{"rendered":"\n<p>Monterrey . &#8211; Mientras que el gobernador Samuel Garc\u00eda design\u00f3 como encargado del despacho al secretario general de Gobierno, en caso de que el gobernador interino est\u00e9 impedido para el cargo, el Congreso local defendi\u00f3 \u00e9sta designaci\u00f3n en favor de Arturo Salinas Garza.<\/p>\n\n\n\n<p>En el Peri\u00f3dico Oficial del Estado, Samuel Garc\u00eda public\u00f3 un acuerdo para esa designaci\u00f3n, pues argumenta que la Constituci\u00f3n no regula el caso de que la persona designada como Gobernador interino cuente con impedimento para ser designado en el cargo.<\/p>\n\n\n\n<p>Se\u00f1ala que la Constituci\u00f3n no da una respuesta clara a este escenario, por lo que debe acudirse al contenido de la Ley Org\u00e1nica de la Administraci\u00f3n P\u00fablica.<\/p>\n\n\n\n<p>&#8220;En ese sentido, de ser cuestionado el nombramiento en la v\u00eda judicial por el impedimento del funcionario, corresponde determinar qui\u00e9n se har\u00e1 cargo del despacho, pues tal aspecto no se encuentra regulado en la Constituci\u00f3n&#8221;.<\/p>\n\n\n\n<p>&#8220;La mencionada Ley Org\u00e1nica de la Administraci\u00f3n P\u00fablica para el Estado de Nuevo Le\u00f3n prev\u00e9 que corresponde a la Secretar\u00eda General de Gobierno (Javier Navarro) en ausencia de la persona titular del Poder Ejecutivo, se\u00f1alados en la Constituci\u00f3n Pol\u00edtica del Estado Libre y Soberano de Nuevo Le\u00f3n, hacerse cargo del despacho de los asuntos que la propia Constituci\u00f3n le otorga al ejecutivo&#8221;.<\/p>\n","protected":false},"excerpt":{"rendered":"<p>Monterrey . &#8211; Mientras que el gobernador Samuel Garc\u00eda design\u00f3 como encargado del despacho al secretario general de Gobierno, en caso de que el gobernador interino est\u00e9 impedido para el cargo, el Congreso local defendi\u00f3 \u00e9sta designaci\u00f3n en favor de Arturo Salinas Garza. En el Peri\u00f3dico Oficial del Estado, Samuel Garc\u00eda public\u00f3 un acuerdo para [&hellip;]<\/p>\n","protected":false},"author":1,"featured_media":108331,"comment_status":"open","ping_status":"open","sticky":true,"template":"","format":"standard","meta":{"footnotes":""},"categories":[6,3],"tags":[],"_links":{"self":[{"href":"https:\/\/diariodigitalmx.com\/index.php\/wp-json\/wp\/v2\/posts\/108329"}],"collection":[{"href":"https:\/\/diariodigitalmx.com\/index.php\/wp-json\/wp\/v2\/posts"}],"about":[{"href":"https:\/\/diariodigitalmx.com\/index.php\/wp-json\/wp\/v2\/types\/post"}],"author":[{"embeddable":true,"href":"https:\/\/diariodigitalmx.com\/index.php\/wp-json\/wp\/v2\/users\/1"}],"replies":[{"embeddable":true,"href":"https:\/\/diariodigitalmx.com\/index.php\/wp-json\/wp\/v2\/comments?post=108329"}],"version-history":[{"count":2,"href":"https:\/\/diariodigitalmx.com\/index.php\/wp-json\/wp\/v2\/posts\/108329\/revisions"}],"predecessor-version":[{"id":108332,"href":"https:\/\/diariodigitalmx.com\/index.php\/wp-json\/wp\/v2\/posts\/108329\/revisions\/108332"}],"wp:featuredmedia":[{"embeddable":true,"href":"https:\/\/diariodigitalmx.com\/index.php\/wp-json\/wp\/v2\/media\/108331"}],"wp:attachment":[{"href":"https:\/\/diariodigitalmx.com\/index.php\/wp-json\/wp\/v2\/media?parent=108329"}],"wp:term":[{"taxonomy":"category","embeddable":true,"href":"https:\/\/diariodigitalmx.com\/index.php\/wp-json\/wp\/v2\/categories?post=108329"},{"taxonomy":"post_tag","embeddable":true,"href":"https:\/\/diariodigitalmx.com\/index.php\/wp-json\/wp\/v2\/tags?post=108329"}],"curies":[{"name":"wp","href":"https:\/\/api.w.org\/{rel}","templated":true}]}}