{"id":108333,"date":"2023-10-28T09:20:43","date_gmt":"2023-10-28T14:20:43","guid":{"rendered":"http:\/\/diariodigitalmx.com\/?p=108333"},"modified":"2023-10-28T09:21:37","modified_gmt":"2023-10-28T14:21:37","slug":"congreso-defiende-su-gobernador-interino-y-llama-mentiroso-a-samuel-garcia-no-es-el-gobernador-que-necesita-nl-dice","status":"publish","type":"post","link":"https:\/\/diariodigitalmx.com\/index.php\/2023\/10\/28\/congreso-defiende-su-gobernador-interino-y-llama-mentiroso-a-samuel-garcia-no-es-el-gobernador-que-necesita-nl-dice\/","title":{"rendered":"Congreso defiende su gobernador interino y llama mentiroso a Samuel Garc\u00eda; no es el gobernador que necesita NL, dice"},"content":{"rendered":"\n<p>*M\u00e1s del esc\u00e1ndalo <\/p>\n\n\n\n<p>Monterrey.- El Congreso local defendi\u00f3 la legalidad de la designaci\u00f3n del magistrado con licencia del Poder Judicial, Arturo Salinas, como gobernador Interino.<\/p>\n\n\n\n<p>Explica que cumplieron con lo establecido en la Constituci\u00f3n y las leyes al designar a Salinas y al aprobarle a Garc\u00eda la licencia de 6 meses que solicit\u00f3 -del 2 de diciembre al 2 de junio- para buscar la Presidencia de M\u00e9xico.<\/p>\n\n\n\n<p>&#8220;Miente el gobernador Samuel Garc\u00eda al acusar al Poder Legislativo ante la Sala Superior del Tribunal Electoral del Poder Judicial, de no querer aprobar una licencia, porque no se hab\u00eda presentado siquiera; miente el Gobernador Samuel Garc\u00eda al acusar al Poder Legislativo ante el INE de no querer sesionar para aprobar su licencia, mientras los legisladores lo esperaban para realizar precisiones y en 24 horas no hubo respuesta de \u00e9l&#8221;, acusa en un comunicado legislstivo.<\/p>\n\n\n\n<p>&#8220;Miente el gobernador Samuel Garc\u00eda al se\u00f1alar que es ilegal la designaci\u00f3n del gobernador Interino que estar\u00e1 a cargo del Ejecutivo durante 6 meses, periodo en el cual estar\u00e1 haciendo campa\u00f1a electoral, porque es facultad del Poder Legislativo la designaci\u00f3n&#8221;.<\/p>\n\n\n\n<p>&#8220;El reci\u00e9n designado Gobernador Interino (a partir del 2 de diciembre de 2023 y hasta el 2 de junio de 2024), Jos\u00e9 Arturo Salinas, es elegible porque no contiende por ning\u00fan puesto, s\u00f3lo cubre a una persona que prioriz\u00f3 sus intereses personales ante la palabra dada a la gente de Nuevo Le\u00f3n.<\/p>\n\n\n\n<p>&#8220;En tiempos dif\u00edciles como los que enfrenta Nuevo Le\u00f3n con agudas crisis h\u00eddricas, de inseguridad, de movilidad y de contaminaci\u00f3n, no necesitamos un Gobernador Mentiroso, la sociedad necesita soluci\u00f3n a los graves problemas, respeto, tranquilidad para las familias, coordinaci\u00f3n de las instituciones para alcanzar la paz y caminar juntos por una nueva era para Nuevo Le\u00f3n&#8221;, destacan los diputados.<\/p>\n","protected":false},"excerpt":{"rendered":"<p>*M\u00e1s del esc\u00e1ndalo Monterrey.- El Congreso local defendi\u00f3 la legalidad de la designaci\u00f3n del magistrado con licencia del Poder Judicial, Arturo Salinas, como gobernador Interino. Explica que cumplieron con lo establecido en la Constituci\u00f3n y las leyes al designar a Salinas y al aprobarle a Garc\u00eda la licencia de 6 meses que solicit\u00f3 -del 2 [&hellip;]<\/p>\n","protected":false},"author":1,"featured_media":108335,"comment_status":"open","ping_status":"open","sticky":true,"template":"","format":"standard","meta":{"footnotes":""},"categories":[6,3],"tags":[],"_links":{"self":[{"href":"https:\/\/diariodigitalmx.com\/index.php\/wp-json\/wp\/v2\/posts\/108333"}],"collection":[{"href":"https:\/\/diariodigitalmx.com\/index.php\/wp-json\/wp\/v2\/posts"}],"about":[{"href":"https:\/\/diariodigitalmx.com\/index.php\/wp-json\/wp\/v2\/types\/post"}],"author":[{"embeddable":true,"href":"https:\/\/diariodigitalmx.com\/index.php\/wp-json\/wp\/v2\/users\/1"}],"replies":[{"embeddable":true,"href":"https:\/\/diariodigitalmx.com\/index.php\/wp-json\/wp\/v2\/comments?post=108333"}],"version-history":[{"count":1,"href":"https:\/\/diariodigitalmx.com\/index.php\/wp-json\/wp\/v2\/posts\/108333\/revisions"}],"predecessor-version":[{"id":108334,"href":"https:\/\/diariodigitalmx.com\/index.php\/wp-json\/wp\/v2\/posts\/108333\/revisions\/108334"}],"wp:featuredmedia":[{"embeddable":true,"href":"https:\/\/diariodigitalmx.com\/index.php\/wp-json\/wp\/v2\/media\/108335"}],"wp:attachment":[{"href":"https:\/\/diariodigitalmx.com\/index.php\/wp-json\/wp\/v2\/media?parent=108333"}],"wp:term":[{"taxonomy":"category","embeddable":true,"href":"https:\/\/diariodigitalmx.com\/index.php\/wp-json\/wp\/v2\/categories?post=108333"},{"taxonomy":"post_tag","embeddable":true,"href":"https:\/\/diariodigitalmx.com\/index.php\/wp-json\/wp\/v2\/tags?post=108333"}],"curies":[{"name":"wp","href":"https:\/\/api.w.org\/{rel}","templated":true}]}}