{"id":108336,"date":"2023-10-28T15:50:26","date_gmt":"2023-10-28T20:50:26","guid":{"rendered":"http:\/\/diariodigitalmx.com\/?p=108336"},"modified":"2023-10-28T15:51:04","modified_gmt":"2023-10-28T20:51:04","slug":"informa-samuel-garcia-dice-nl-va-bien-y-otra-vez-le-atiza-a-la-oposicion","status":"publish","type":"post","link":"https:\/\/diariodigitalmx.com\/index.php\/2023\/10\/28\/informa-samuel-garcia-dice-nl-va-bien-y-otra-vez-le-atiza-a-la-oposicion\/","title":{"rendered":"Informa Samuel Garc\u00eda, dice NL va bien y otra vez le atiza a la oposici\u00f3n"},"content":{"rendered":"\n<p>Samuel Garc\u00eda present\u00f3 su segundo informe de gobierno entre los suyos, solamente invitados de Movimiento Ciudadano y Clara Luz Flores, ex priista ahora de Morena, pero no fueron convocados los opositores, ni representantes de los Poderes Judicial y Legislativo.<\/p>\n\n\n\n<p>Por lo dem\u00e1s, volvi\u00f3 a atizar el fuego contra la oposici\u00f3n y reiter\u00f3 ma narrativa de que no regresar\u00e1 la vieja pol\u00edtica.<\/p>\n\n\n\n<p>&#8220;Lo m\u00e1s importante para m\u00ed es Nuevo Le\u00f3n, no vamos a permitir que regrese la vieja pol\u00edtica. Les aseguro, y le digo desde aqu\u00ed al PRIAN, que se van a quedar con las ganas y que aqu\u00ed se topan con el nuevo Nuevo Le\u00f3n&#8221;, recalc\u00f3 el mensaje que ha enviado durante meses, desde el inicio del enfrentamiento con el PAN y el PRI.<\/p>\n\n\n\n<p>Fuera de eso, de acuerdo al propio gobernador, enumer\u00f3 logros y avances en movilidad, seguridad, agua, medio ambiente, ni\u00f1ez, obra p\u00fablica, igualdad, salud y econom\u00eda.<\/p>\n\n\n\n<p>&#8220;Estos dos a\u00f1os no han sido sencillos, pero demostrando que si trabajamos duro, la vieja pol\u00edtica nos hace los mandados&#8221;, dijo el gobernador que fue ovacionado por sus invitados y aliados.<\/p>\n","protected":false},"excerpt":{"rendered":"<p>Samuel Garc\u00eda present\u00f3 su segundo informe de gobierno entre los suyos, solamente invitados de Movimiento Ciudadano y Clara Luz Flores, ex priista ahora de Morena, pero no fueron convocados los opositores, ni representantes de los Poderes Judicial y Legislativo. Por lo dem\u00e1s, volvi\u00f3 a atizar el fuego contra la oposici\u00f3n y reiter\u00f3 ma narrativa de [&hellip;]<\/p>\n","protected":false},"author":1,"featured_media":108338,"comment_status":"open","ping_status":"open","sticky":true,"template":"","format":"standard","meta":{"footnotes":""},"categories":[14,6],"tags":[],"_links":{"self":[{"href":"https:\/\/diariodigitalmx.com\/index.php\/wp-json\/wp\/v2\/posts\/108336"}],"collection":[{"href":"https:\/\/diariodigitalmx.com\/index.php\/wp-json\/wp\/v2\/posts"}],"about":[{"href":"https:\/\/diariodigitalmx.com\/index.php\/wp-json\/wp\/v2\/types\/post"}],"author":[{"embeddable":true,"href":"https:\/\/diariodigitalmx.com\/index.php\/wp-json\/wp\/v2\/users\/1"}],"replies":[{"embeddable":true,"href":"https:\/\/diariodigitalmx.com\/index.php\/wp-json\/wp\/v2\/comments?post=108336"}],"version-history":[{"count":1,"href":"https:\/\/diariodigitalmx.com\/index.php\/wp-json\/wp\/v2\/posts\/108336\/revisions"}],"predecessor-version":[{"id":108337,"href":"https:\/\/diariodigitalmx.com\/index.php\/wp-json\/wp\/v2\/posts\/108336\/revisions\/108337"}],"wp:featuredmedia":[{"embeddable":true,"href":"https:\/\/diariodigitalmx.com\/index.php\/wp-json\/wp\/v2\/media\/108338"}],"wp:attachment":[{"href":"https:\/\/diariodigitalmx.com\/index.php\/wp-json\/wp\/v2\/media?parent=108336"}],"wp:term":[{"taxonomy":"category","embeddable":true,"href":"https:\/\/diariodigitalmx.com\/index.php\/wp-json\/wp\/v2\/categories?post=108336"},{"taxonomy":"post_tag","embeddable":true,"href":"https:\/\/diariodigitalmx.com\/index.php\/wp-json\/wp\/v2\/tags?post=108336"}],"curies":[{"name":"wp","href":"https:\/\/api.w.org\/{rel}","templated":true}]}}