{"id":108344,"date":"2023-10-28T22:56:16","date_gmt":"2023-10-29T03:56:16","guid":{"rendered":"http:\/\/diariodigitalmx.com\/?p=108344"},"modified":"2023-10-29T08:36:00","modified_gmt":"2023-10-29T14:36:00","slug":"tienen-espectacular-noche-flamenca-en-museo-viviente","status":"publish","type":"post","link":"https:\/\/diariodigitalmx.com\/index.php\/2023\/10\/28\/tienen-espectacular-noche-flamenca-en-museo-viviente\/","title":{"rendered":"Tienen espectacular noche flamenca en &#8220;Museo Viviente&#8221;"},"content":{"rendered":"\n<p>Monterrey, N.L. Una noche m\u00e1gica fue la que vivieron decenas de personas que asistieron a disfrutar\u00a0el espect\u00e1culo \u201cMuseo Viviente\u201d de la compa\u00f1\u00eda Flamenco Estudio que reuni\u00f3 a cerca de 50 artistas y colaboradores en escena, en la que particip\u00f3 la bailaora mexicana Carmen Young, que vive en Sevilla, Espa\u00f1a.<\/p>\n\n\n\n<p>Ante un lleno en CONVEX, los destacados m\u00fasicos tocaron en vivo y las bailaoras ejecutaron poderosas coreograf\u00edas llenas de energ\u00eda de Karime Amaya, Triana Maciel Prats, Carmen Young, entre m\u00e1s participantes.<\/p>\n\n\n\n<p>Este incre\u00edble espect\u00e1culo estuvo bajo la direcci\u00f3n art\u00edstica de Mar\u00eda Jos\u00e9 Vald\u00e9s y la direcci\u00f3n musical del guitarrista Gerardo\u00a0\u201cEl Carrizo\u201d.\u00a0<\/p>\n\n\n\n<p>Cristina Barrag\u00e1n, directora general de la compa\u00f1\u00eda, explic\u00f3 que Museo Viviente fue un homenaje a los viajeros enamorados del arte y la cultura, el cual a trav\u00e9s de la danza, la m\u00fasica y el canto, contar\u00e1n la historia de un joven que al realizar un largo viaje por Europa&nbsp;&nbsp; se enamora perdidamente de Espa\u00f1a, de sus calles, jardines, paisajes, tradiciones, pueblos y costumbres.<\/p>\n\n\n\n<p>Es importante destacar que el dinero recaudado por la venta de boletos de esta funci\u00f3n ser\u00e1 destinado a la organizaci\u00f3n civil Ingenium, instituci\u00f3n dedicada a atender y prevenir enfermedades de salud mental.<\/p>\n\n\n\n<p>La Compa\u00f1\u00eda Flamenco Estudio fue fundada en 2016 y desde entonces ha participado en distintos espect\u00e1culos en Monterrey y en festivales de diversos estados del pa\u00eds, como el Festival Encal\u00e9 en Guadalajara, Jalisco; el Festival Internacional Ib\u00e9rica Contempor\u00e1nea en Quer\u00e9taro, el Festival Internacional de Santa Luc\u00eda, entre muchos otros espacios culturales.<\/p>\n","protected":false},"excerpt":{"rendered":"<p>Monterrey, N.L. Una noche m\u00e1gica fue la que vivieron decenas de personas que asistieron a disfrutar\u00a0el espect\u00e1culo \u201cMuseo Viviente\u201d de la compa\u00f1\u00eda Flamenco Estudio que reuni\u00f3 a cerca de 50 artistas y colaboradores en escena, en la que particip\u00f3 la bailaora mexicana Carmen Young, que vive en Sevilla, Espa\u00f1a. Ante un lleno en CONVEX, los [&hellip;]<\/p>\n","protected":false},"author":1,"featured_media":108346,"comment_status":"open","ping_status":"open","sticky":true,"template":"","format":"standard","meta":{"footnotes":""},"categories":[11,14],"tags":[],"_links":{"self":[{"href":"https:\/\/diariodigitalmx.com\/index.php\/wp-json\/wp\/v2\/posts\/108344"}],"collection":[{"href":"https:\/\/diariodigitalmx.com\/index.php\/wp-json\/wp\/v2\/posts"}],"about":[{"href":"https:\/\/diariodigitalmx.com\/index.php\/wp-json\/wp\/v2\/types\/post"}],"author":[{"embeddable":true,"href":"https:\/\/diariodigitalmx.com\/index.php\/wp-json\/wp\/v2\/users\/1"}],"replies":[{"embeddable":true,"href":"https:\/\/diariodigitalmx.com\/index.php\/wp-json\/wp\/v2\/comments?post=108344"}],"version-history":[{"count":2,"href":"https:\/\/diariodigitalmx.com\/index.php\/wp-json\/wp\/v2\/posts\/108344\/revisions"}],"predecessor-version":[{"id":108348,"href":"https:\/\/diariodigitalmx.com\/index.php\/wp-json\/wp\/v2\/posts\/108344\/revisions\/108348"}],"wp:featuredmedia":[{"embeddable":true,"href":"https:\/\/diariodigitalmx.com\/index.php\/wp-json\/wp\/v2\/media\/108346"}],"wp:attachment":[{"href":"https:\/\/diariodigitalmx.com\/index.php\/wp-json\/wp\/v2\/media?parent=108344"}],"wp:term":[{"taxonomy":"category","embeddable":true,"href":"https:\/\/diariodigitalmx.com\/index.php\/wp-json\/wp\/v2\/categories?post=108344"},{"taxonomy":"post_tag","embeddable":true,"href":"https:\/\/diariodigitalmx.com\/index.php\/wp-json\/wp\/v2\/tags?post=108344"}],"curies":[{"name":"wp","href":"https:\/\/api.w.org\/{rel}","templated":true}]}}