{"id":108349,"date":"2023-10-29T18:56:45","date_gmt":"2023-10-30T00:56:45","guid":{"rendered":"http:\/\/diariodigitalmx.com\/?p=108349"},"modified":"2023-10-29T19:01:11","modified_gmt":"2023-10-30T01:01:11","slug":"reconocen-a-organizaciones-que-apoyan-a-migrantes","status":"publish","type":"post","link":"https:\/\/diariodigitalmx.com\/index.php\/2023\/10\/29\/reconocen-a-organizaciones-que-apoyan-a-migrantes\/","title":{"rendered":"Reconocen a organizaciones que apoyan a migrantes"},"content":{"rendered":"\n<figure class=\"wp-block-image size-large\"><img loading=\"lazy\" decoding=\"async\" width=\"1024\" height=\"683\" src=\"http:\/\/diariodigitalmx.com\/wp-content\/uploads\/2023\/10\/image00003-5-1024x683.jpeg\" alt=\"\" class=\"wp-image-108360\" srcset=\"https:\/\/diariodigitalmx.com\/wp-content\/uploads\/2023\/10\/image00003-5-1024x683.jpeg 1024w, https:\/\/diariodigitalmx.com\/wp-content\/uploads\/2023\/10\/image00003-5-300x200.jpeg 300w, https:\/\/diariodigitalmx.com\/wp-content\/uploads\/2023\/10\/image00003-5-768x512.jpeg 768w, https:\/\/diariodigitalmx.com\/wp-content\/uploads\/2023\/10\/image00003-5-1536x1024.jpeg 1536w, https:\/\/diariodigitalmx.com\/wp-content\/uploads\/2023\/10\/image00003-5-2048x1365.jpeg 2048w\" sizes=\"(max-width: 1024px) 100vw, 1024px\" \/><\/figure>\n\n\n\n<p>MONTERREY, NL.- Por su generosidad y ejemplo en el apoyo a personas migrantes, SELIDER reconoci\u00f3 a Casa Monarca, Casa Nicol\u00e1s y Casa INDI en su edici\u00f3n 25 del Premio que entrega la organizaci\u00f3n civil.<\/p>\n\n\n\n<p>En el marco del Encuentro Mundial de Valores y al finalizar el panel &#8220;De la empat\u00eda hacia la compasi\u00f3n racional y el compromiso social&#8221;, la Secretaria de Igualdad e Inclusi\u00f3n, Martha Herrera fue la encargada de entregar los reconocimientos quien destac\u00f3 el compromiso y la solidaridad de las organizaciones civiles para ofrecer espacios de calidez a las personas migrantes o refugiadas.<\/p>\n\n\n\n<figure class=\"wp-block-image size-large\"><img loading=\"lazy\" decoding=\"async\" width=\"1024\" height=\"683\" src=\"http:\/\/diariodigitalmx.com\/wp-content\/uploads\/2023\/10\/image00001-5-1024x683.jpeg\" alt=\"\" class=\"wp-image-108353\" srcset=\"https:\/\/diariodigitalmx.com\/wp-content\/uploads\/2023\/10\/image00001-5-1024x683.jpeg 1024w, https:\/\/diariodigitalmx.com\/wp-content\/uploads\/2023\/10\/image00001-5-300x200.jpeg 300w, https:\/\/diariodigitalmx.com\/wp-content\/uploads\/2023\/10\/image00001-5-768x512.jpeg 768w, https:\/\/diariodigitalmx.com\/wp-content\/uploads\/2023\/10\/image00001-5-1536x1024.jpeg 1536w, https:\/\/diariodigitalmx.com\/wp-content\/uploads\/2023\/10\/image00001-5.jpeg 1951w\" sizes=\"(max-width: 1024px) 100vw, 1024px\" \/><\/figure>\n\n\n\n<p>&#8220;El trabajo que durante muchos a\u00f1os han realizado los refugios y albergues, cumple un rol indispensable para aliviar y dignificar el recorrido de estas personas y familias, que toman la decisi\u00f3n de dejar su pa\u00eds, de dejar sus hogares. Una decisi\u00f3n que se enmarca, muchas veces, en contextos de violencia, de falta de oportunidades laborales, de ausencia de derechos y libertades&#8221;, expres\u00f3.<\/p>\n\n\n\n<p>&#8220;Reconocemos m\u00e1s que nunca que su labor trasciende fronteras, ustedes visibilizan, enaltecen, protegen y promueven los derechos humanos de las personas en situaci\u00f3n de movilidad, para integrarlos con dignidad y con respeto a una familia, que es nueva para ellos, su labor ayuda a sensibilizar a la poblaci\u00f3n de Nuevo Le\u00f3n sobre la realidad de miles de personas que se encuentran en esa situaci\u00f3n&#8221;.<\/p>\n\n\n\n<figure class=\"wp-block-image size-large\"><img loading=\"lazy\" decoding=\"async\" width=\"1024\" height=\"683\" src=\"http:\/\/diariodigitalmx.com\/wp-content\/uploads\/2023\/10\/image00005-4-1024x683.jpeg\" alt=\"\" class=\"wp-image-108355\" srcset=\"https:\/\/diariodigitalmx.com\/wp-content\/uploads\/2023\/10\/image00005-4-1024x683.jpeg 1024w, https:\/\/diariodigitalmx.com\/wp-content\/uploads\/2023\/10\/image00005-4-300x200.jpeg 300w, https:\/\/diariodigitalmx.com\/wp-content\/uploads\/2023\/10\/image00005-4-768x512.jpeg 768w, https:\/\/diariodigitalmx.com\/wp-content\/uploads\/2023\/10\/image00005-4-1536x1024.jpeg 1536w, https:\/\/diariodigitalmx.com\/wp-content\/uploads\/2023\/10\/image00005-4-2048x1365.jpeg 2048w\" sizes=\"(max-width: 1024px) 100vw, 1024px\" \/><\/figure>\n\n\n\n<p>Javier Prieto, fundador de SELIDER, dijo que la labor de las casas migrantes es indispensable en la actualidad.<\/p>\n\n\n\n<p>&#8220;La mejor manera de rendirles homenaje es tener muy presente su obra, su entrega absoluta por una causa noble, para que todos y en especial las nuevas generaciones, porque son ellos el principal foco de atenci\u00f3n de SELIDER, profundicemos en nuestro llamado a ser m\u00e1s humanos&#8221;, coment\u00f3.<\/p>\n\n\n\n<figure class=\"wp-block-image size-large\"><img loading=\"lazy\" decoding=\"async\" width=\"1024\" height=\"683\" src=\"http:\/\/diariodigitalmx.com\/wp-content\/uploads\/2023\/10\/image00004-6-1024x683.jpeg\" alt=\"\" class=\"wp-image-108357\" srcset=\"https:\/\/diariodigitalmx.com\/wp-content\/uploads\/2023\/10\/image00004-6-1024x683.jpeg 1024w, https:\/\/diariodigitalmx.com\/wp-content\/uploads\/2023\/10\/image00004-6-300x200.jpeg 300w, https:\/\/diariodigitalmx.com\/wp-content\/uploads\/2023\/10\/image00004-6-768x512.jpeg 768w, https:\/\/diariodigitalmx.com\/wp-content\/uploads\/2023\/10\/image00004-6-1536x1024.jpeg 1536w, https:\/\/diariodigitalmx.com\/wp-content\/uploads\/2023\/10\/image00004-6-2048x1365.jpeg 2048w\" sizes=\"(max-width: 1024px) 100vw, 1024px\" \/><\/figure>\n\n\n\n<p>Como parte del Premio SELIDER, los sacerdotes Luis Eduardo Zavala de Alba, Director de Casa Monarca; Felipe de Jes\u00fas S\u00e1nchez Gallegos, de Cada Indi y Luis Eduardo Villarreal R\u00edos, de Casa Nicol\u00e1s, recibieron cada uno un cheque por 90 mil pesos.<\/p>\n\n\n\n<p>El Delegado de ACNUR Norte M\u00e9xico, Shant Dermegerditchian, reconoci\u00f3 la labor de las casas para la protecci\u00f3n y atenci\u00f3n de la comunidad migrante.<\/p>\n\n\n\n<p>&#8220;El apoyo de la comunidad sigue siendo muy importante, hay apoyo del gobierno de los tres niveles y por parte de la comunidad. Las donaciones que se necesitan para continuar dando alimento a la poblaci\u00f3n, art\u00edculos de higiene y todas las necesidades que tienen, eso va a continuar, por parte del ACNUR vamos a seguir apoyando esos espacios&#8221;.<\/p>\n\n\n\n<p>En tanto, el Arzobispo de Monterrey, Rogelio Cabrera L\u00f3pez, agradeci\u00f3 al ACNUR, Gobierno del Estado y a la comunidad que se solidariza en apoyo a las personas en situaci\u00f3n de movilidad.<\/p>\n","protected":false},"excerpt":{"rendered":"<p>MONTERREY, NL.- Por su generosidad y ejemplo en el apoyo a personas migrantes, SELIDER reconoci\u00f3 a Casa Monarca, Casa Nicol\u00e1s y Casa INDI en su edici\u00f3n 25 del Premio que entrega la organizaci\u00f3n civil. En el marco del Encuentro Mundial de Valores y al finalizar el panel &#8220;De la empat\u00eda hacia la compasi\u00f3n racional y [&hellip;]<\/p>\n","protected":false},"author":1,"featured_media":108351,"comment_status":"open","ping_status":"open","sticky":true,"template":"","format":"standard","meta":{"footnotes":""},"categories":[14,6],"tags":[],"_links":{"self":[{"href":"https:\/\/diariodigitalmx.com\/index.php\/wp-json\/wp\/v2\/posts\/108349"}],"collection":[{"href":"https:\/\/diariodigitalmx.com\/index.php\/wp-json\/wp\/v2\/posts"}],"about":[{"href":"https:\/\/diariodigitalmx.com\/index.php\/wp-json\/wp\/v2\/types\/post"}],"author":[{"embeddable":true,"href":"https:\/\/diariodigitalmx.com\/index.php\/wp-json\/wp\/v2\/users\/1"}],"replies":[{"embeddable":true,"href":"https:\/\/diariodigitalmx.com\/index.php\/wp-json\/wp\/v2\/comments?post=108349"}],"version-history":[{"count":5,"href":"https:\/\/diariodigitalmx.com\/index.php\/wp-json\/wp\/v2\/posts\/108349\/revisions"}],"predecessor-version":[{"id":108361,"href":"https:\/\/diariodigitalmx.com\/index.php\/wp-json\/wp\/v2\/posts\/108349\/revisions\/108361"}],"wp:featuredmedia":[{"embeddable":true,"href":"https:\/\/diariodigitalmx.com\/index.php\/wp-json\/wp\/v2\/media\/108351"}],"wp:attachment":[{"href":"https:\/\/diariodigitalmx.com\/index.php\/wp-json\/wp\/v2\/media?parent=108349"}],"wp:term":[{"taxonomy":"category","embeddable":true,"href":"https:\/\/diariodigitalmx.com\/index.php\/wp-json\/wp\/v2\/categories?post=108349"},{"taxonomy":"post_tag","embeddable":true,"href":"https:\/\/diariodigitalmx.com\/index.php\/wp-json\/wp\/v2\/tags?post=108349"}],"curies":[{"name":"wp","href":"https:\/\/api.w.org\/{rel}","templated":true}]}}