{"id":108362,"date":"2023-10-29T19:08:47","date_gmt":"2023-10-30T01:08:47","guid":{"rendered":"http:\/\/diariodigitalmx.com\/?p=108362"},"modified":"2023-10-29T19:13:54","modified_gmt":"2023-10-30T01:13:54","slug":"entregan-ayuda-humanitaria-de-nl-a-afectados-por-huracan-otis","status":"publish","type":"post","link":"https:\/\/diariodigitalmx.com\/index.php\/2023\/10\/29\/entregan-ayuda-humanitaria-de-nl-a-afectados-por-huracan-otis\/","title":{"rendered":"Entregan ayuda humanitaria de NL a afectados por Hurac\u00e1n &#8220;Otis&#8221;"},"content":{"rendered":"\n<figure class=\"wp-block-image size-large\"><img loading=\"lazy\" decoding=\"async\" width=\"1024\" height=\"576\" src=\"http:\/\/diariodigitalmx.com\/wp-content\/uploads\/2023\/10\/IMG-20231029-WA0103-1024x576.jpg\" alt=\"\" class=\"wp-image-108366\" srcset=\"https:\/\/diariodigitalmx.com\/wp-content\/uploads\/2023\/10\/IMG-20231029-WA0103-1024x576.jpg 1024w, https:\/\/diariodigitalmx.com\/wp-content\/uploads\/2023\/10\/IMG-20231029-WA0103-300x169.jpg 300w, https:\/\/diariodigitalmx.com\/wp-content\/uploads\/2023\/10\/IMG-20231029-WA0103-768x432.jpg 768w, https:\/\/diariodigitalmx.com\/wp-content\/uploads\/2023\/10\/IMG-20231029-WA0103-1536x864.jpg 1536w, https:\/\/diariodigitalmx.com\/wp-content\/uploads\/2023\/10\/IMG-20231029-WA0103.jpg 1600w\" sizes=\"(max-width: 1024px) 100vw, 1024px\" \/><\/figure>\n\n\n\n<figure class=\"wp-block-video\"><video controls src=\"http:\/\/diariodigitalmx.com\/wp-content\/uploads\/2023\/10\/VID-20231029-WA0105.mp4\"><\/video><\/figure>\n\n\n\n<p>Acapulco, Guerrero.- Las 26 toneladas de ayuda humanitaria enviadas por parte del Gobierno de Nuevo Le\u00f3n, a trav\u00e9s de la Secretar\u00eda de Igualdad e Inclusi\u00f3n, se encuentran ya en Acapulco, donde ser\u00e1n distribuidos entre las personas damnificadas de la costa azul de este puerto.<\/p>\n\n\n\n<p>Despu\u00e9s de un viaje de 28 horas y m\u00e1s de mil kil\u00f3metros de recorrido, la ayuda humanitaria hizo una escala en Chilpancingo para continuar su trayecto hacia el puerto de Acapulco.<\/p>\n\n\n\n<figure class=\"wp-block-image size-large\"><img loading=\"lazy\" decoding=\"async\" width=\"1024\" height=\"576\" src=\"http:\/\/diariodigitalmx.com\/wp-content\/uploads\/2023\/10\/IMG-20231029-WA0109-1024x576.jpg\" alt=\"\" class=\"wp-image-108368\" srcset=\"https:\/\/diariodigitalmx.com\/wp-content\/uploads\/2023\/10\/IMG-20231029-WA0109-1024x576.jpg 1024w, https:\/\/diariodigitalmx.com\/wp-content\/uploads\/2023\/10\/IMG-20231029-WA0109-300x169.jpg 300w, https:\/\/diariodigitalmx.com\/wp-content\/uploads\/2023\/10\/IMG-20231029-WA0109-768x432.jpg 768w, https:\/\/diariodigitalmx.com\/wp-content\/uploads\/2023\/10\/IMG-20231029-WA0109-1536x864.jpg 1536w, https:\/\/diariodigitalmx.com\/wp-content\/uploads\/2023\/10\/IMG-20231029-WA0109.jpg 1600w\" sizes=\"(max-width: 1024px) 100vw, 1024px\" \/><\/figure>\n\n\n\n<p>La Secretar\u00eda de Igualdad e Inclusi\u00f3n coordin\u00f3 distintas acciones y esfuerzos junto con el Banco de Alimentos de C\u00e1ritas de Monterrey, empresas como HEB, ARCA Continental y Heineken, organizaciones de la sociedad civil, Guardia Nacional y Protecci\u00f3n Civil de Nuevo Le\u00f3n que permitieron que esta ayuda pudiera llegar de manera r\u00e1pida y segura a los damnificados.<\/p>\n\n\n\n<figure class=\"wp-block-image size-large\"><img loading=\"lazy\" decoding=\"async\" width=\"1024\" height=\"576\" src=\"http:\/\/diariodigitalmx.com\/wp-content\/uploads\/2023\/10\/IMG-20231029-WA0107-1024x576.jpg\" alt=\"\" class=\"wp-image-108371\" srcset=\"https:\/\/diariodigitalmx.com\/wp-content\/uploads\/2023\/10\/IMG-20231029-WA0107-1024x576.jpg 1024w, https:\/\/diariodigitalmx.com\/wp-content\/uploads\/2023\/10\/IMG-20231029-WA0107-300x169.jpg 300w, https:\/\/diariodigitalmx.com\/wp-content\/uploads\/2023\/10\/IMG-20231029-WA0107-768x432.jpg 768w, https:\/\/diariodigitalmx.com\/wp-content\/uploads\/2023\/10\/IMG-20231029-WA0107-1536x864.jpg 1536w, https:\/\/diariodigitalmx.com\/wp-content\/uploads\/2023\/10\/IMG-20231029-WA0107.jpg 1600w\" sizes=\"(max-width: 1024px) 100vw, 1024px\" \/><\/figure>\n\n\n\n<p>De manera simult\u00e1nea, Protecci\u00f3n Civil lleva a cabo labores coordinadas con el Sistema Nacional de Protecci\u00f3n Civil para entregar despensas y realizar labores en la mitigaci\u00f3n de riesgos.<\/p>\n\n\n\n<p>Nuevo Le\u00f3n envi\u00f3 una fuerza de tarea de 50 rescatistas para labores de apoyo en ayuda humanitaria, adem\u00e1s de unidades k9 para b\u00fasqueda y localizaci\u00f3n de personas.<\/p>\n\n\n\n<p>Fuerza Civil con el apoyo de un helic\u00f3ptero apoya con puentes a\u00e9reos para el traslado de v\u00edveres.<\/p>\n\n\n\n<figure class=\"wp-block-image size-large\"><img loading=\"lazy\" decoding=\"async\" width=\"1024\" height=\"768\" src=\"http:\/\/diariodigitalmx.com\/wp-content\/uploads\/2023\/10\/IMG-20231029-WA0106-1024x768.jpg\" alt=\"\" class=\"wp-image-108373\" srcset=\"https:\/\/diariodigitalmx.com\/wp-content\/uploads\/2023\/10\/IMG-20231029-WA0106-1024x768.jpg 1024w, https:\/\/diariodigitalmx.com\/wp-content\/uploads\/2023\/10\/IMG-20231029-WA0106-300x225.jpg 300w, https:\/\/diariodigitalmx.com\/wp-content\/uploads\/2023\/10\/IMG-20231029-WA0106-768x576.jpg 768w, https:\/\/diariodigitalmx.com\/wp-content\/uploads\/2023\/10\/IMG-20231029-WA0106-1536x1152.jpg 1536w, https:\/\/diariodigitalmx.com\/wp-content\/uploads\/2023\/10\/IMG-20231029-WA0106.jpg 1600w\" sizes=\"(max-width: 1024px) 100vw, 1024px\" \/><\/figure>\n\n\n\n<p>Nuevo Le\u00f3n mantendr\u00e1 abierta la recolecci\u00f3n de v\u00edveres para continuar con esa labor de apoyo a los afectados por &#8220;Otis&#8221;.<\/p>\n\n\n\n<p>La recolecci\u00f3n de alimentos no perecederos, agua y productos de aseo personal, se pueden hacer a trav\u00e9s de los m\u00e1s de 70 centros de acopio de C\u00e1ritas, Secretaria de Igualdad e Inclusi\u00f3n, DIF NL y Cruz Roja.<\/p>\n\n\n\n<figure class=\"wp-block-image size-large\"><img loading=\"lazy\" decoding=\"async\" width=\"1024\" height=\"576\" src=\"http:\/\/diariodigitalmx.com\/wp-content\/uploads\/2023\/10\/IMG-20231029-WA0104-1024x576.jpg\" alt=\"\" class=\"wp-image-108375\" srcset=\"https:\/\/diariodigitalmx.com\/wp-content\/uploads\/2023\/10\/IMG-20231029-WA0104-1024x576.jpg 1024w, https:\/\/diariodigitalmx.com\/wp-content\/uploads\/2023\/10\/IMG-20231029-WA0104-300x169.jpg 300w, https:\/\/diariodigitalmx.com\/wp-content\/uploads\/2023\/10\/IMG-20231029-WA0104-768x432.jpg 768w, https:\/\/diariodigitalmx.com\/wp-content\/uploads\/2023\/10\/IMG-20231029-WA0104-1536x864.jpg 1536w, https:\/\/diariodigitalmx.com\/wp-content\/uploads\/2023\/10\/IMG-20231029-WA0104.jpg 1600w\" sizes=\"(max-width: 1024px) 100vw, 1024px\" \/><\/figure>\n","protected":false},"excerpt":{"rendered":"<p>Acapulco, Guerrero.- Las 26 toneladas de ayuda humanitaria enviadas por parte del Gobierno de Nuevo Le\u00f3n, a trav\u00e9s de la Secretar\u00eda de Igualdad e Inclusi\u00f3n, se encuentran ya en Acapulco, donde ser\u00e1n distribuidos entre las personas damnificadas de la costa azul de este puerto. Despu\u00e9s de un viaje de 28 horas y m\u00e1s de mil [&hellip;]<\/p>\n","protected":false},"author":1,"featured_media":108364,"comment_status":"open","ping_status":"open","sticky":true,"template":"","format":"standard","meta":{"footnotes":""},"categories":[14,2],"tags":[],"_links":{"self":[{"href":"https:\/\/diariodigitalmx.com\/index.php\/wp-json\/wp\/v2\/posts\/108362"}],"collection":[{"href":"https:\/\/diariodigitalmx.com\/index.php\/wp-json\/wp\/v2\/posts"}],"about":[{"href":"https:\/\/diariodigitalmx.com\/index.php\/wp-json\/wp\/v2\/types\/post"}],"author":[{"embeddable":true,"href":"https:\/\/diariodigitalmx.com\/index.php\/wp-json\/wp\/v2\/users\/1"}],"replies":[{"embeddable":true,"href":"https:\/\/diariodigitalmx.com\/index.php\/wp-json\/wp\/v2\/comments?post=108362"}],"version-history":[{"count":7,"href":"https:\/\/diariodigitalmx.com\/index.php\/wp-json\/wp\/v2\/posts\/108362\/revisions"}],"predecessor-version":[{"id":108379,"href":"https:\/\/diariodigitalmx.com\/index.php\/wp-json\/wp\/v2\/posts\/108362\/revisions\/108379"}],"wp:featuredmedia":[{"embeddable":true,"href":"https:\/\/diariodigitalmx.com\/index.php\/wp-json\/wp\/v2\/media\/108364"}],"wp:attachment":[{"href":"https:\/\/diariodigitalmx.com\/index.php\/wp-json\/wp\/v2\/media?parent=108362"}],"wp:term":[{"taxonomy":"category","embeddable":true,"href":"https:\/\/diariodigitalmx.com\/index.php\/wp-json\/wp\/v2\/categories?post=108362"},{"taxonomy":"post_tag","embeddable":true,"href":"https:\/\/diariodigitalmx.com\/index.php\/wp-json\/wp\/v2\/tags?post=108362"}],"curies":[{"name":"wp","href":"https:\/\/api.w.org\/{rel}","templated":true}]}}