{"id":108399,"date":"2023-10-30T00:53:46","date_gmt":"2023-10-30T06:53:46","guid":{"rendered":"http:\/\/diariodigitalmx.com\/?p=108399"},"modified":"2023-10-30T00:56:00","modified_gmt":"2023-10-30T06:56:00","slug":"libros-de-la-semana-5","status":"publish","type":"post","link":"https:\/\/diariodigitalmx.com\/index.php\/2023\/10\/30\/libros-de-la-semana-5\/","title":{"rendered":"Libros de la semana"},"content":{"rendered":"\n<p><br>Gerson G\u00f3mez Salas<br>\u00bfQu\u00e9 hace usted en un libro como \u00e9ste? de Rogelio Villarreal<br>Aun cuando se trata de uno de sus libros m\u00e1s decididamente personales \u2014y con eso quiero decir: m\u00e1s arriesgados con respecto a qu\u00e9 contar\u2014 es evidente que \u00e9sta no quiso ser nunca una celebraci\u00f3n eg\u00f3latra. Tampoco es ese tipo de ejercicio auto exploratorio tan com\u00fan en los ensayistas que buscan sombra bajo el \u00e1rbol de Montaigne. No hay aqu\u00ed una tierna rememoraci\u00f3n de c\u00f3mo alguien ya pintaba desde ni\u00f1o para ser una gloria de las letras, ni tampoco encontramos una puesta en escena para celebridades cercanas al autor entren y salgan a decir un parlamento sin importancia. En este libro la primera persona cumple otras funciones.<br>Villareal ha sabido combinar la narraci\u00f3n personal con los recursos propios del periodismo, y ha sabido aprovechar los alcances y los l\u00edmites de ambos: est\u00e1 convencido de que la memoria no es suficiente y que la simple relator\u00eda de hechos tampoco lo es. Conoce de sobra el poder y las insuficiencias de la prosa period\u00edstica. Cree en la an\u00e9cdota, la coyuntura, la pol\u00e9mica. Desconf\u00eda del incienso que rodea a ciertas figuras intelectuales, del reportero \u201calternativo\u201d, de la superioridad moral como argumento. A ese periodismo activista, demasiado esperanzado en estar del lado correcto de la historia, Villarreal ha opuesto otro que busca antes que nada la congruencia del oficio.<\/p>\n\n\n\n<figure class=\"wp-block-image size-full\"><img loading=\"lazy\" decoding=\"async\" width=\"330\" height=\"510\" src=\"http:\/\/diariodigitalmx.com\/wp-content\/uploads\/2023\/10\/978607862701.jpg\" alt=\"\" class=\"wp-image-108402\" srcset=\"https:\/\/diariodigitalmx.com\/wp-content\/uploads\/2023\/10\/978607862701.jpg 330w, https:\/\/diariodigitalmx.com\/wp-content\/uploads\/2023\/10\/978607862701-194x300.jpg 194w\" sizes=\"(max-width: 330px) 100vw, 330px\" \/><\/figure>\n\n\n\n<p>CONTRATIEMPO de Jorge Alberto P\u00e9rez<br>Contratiempo juega con m\u00faltiples caras de la memoria, acelera y pisa el freno al paso del reloj, se cuelga de los husos horarios invitando al lector a experimentar los dobleces y contorciones de le medida del tiempo, un concepto que escurre. La forma resulta tan maleable para el autor como el tiempo para sus personajes. Este volumen suma relatos, poemas, canciones y una novela corta que pulsan play, stop o rewind a su antojo, como si se tratara de una canci\u00f3n eterna de pink floyd. Desde encuentros viciados por el pasar de los a\u00f1os hasta el karma que se vuelve para regresar el mal contenido, o el absurdo de \u00f3rganos con cualidades extraordinarias \u2013como un pene que produce un valioso elixir, una oreja mel\u00f3mana o un pulm\u00f3n que abandona el cuerpo que lo hospeda\u2013, contratiempo contiene en s\u00ed obst\u00e1culos que llevan a los personajes a la frustraci\u00f3n, la mala fortuna o la nostalgia. \u00bfqu\u00e9 es el tiempo?, \u00bfqu\u00e9 hora es all\u00e1? al lector solo le queda dejarse llevar por la ruta que marque el comp\u00e1s de los enredos que resultan de creer tener respuestas y pretender entender todas las preguntas.<\/p>\n\n\n\n<figure class=\"wp-block-image size-full\"><img loading=\"lazy\" decoding=\"async\" width=\"236\" height=\"320\" src=\"http:\/\/diariodigitalmx.com\/wp-content\/uploads\/2023\/10\/cover-149292-236x321-1.png\" alt=\"\" class=\"wp-image-108405\" srcset=\"https:\/\/diariodigitalmx.com\/wp-content\/uploads\/2023\/10\/cover-149292-236x321-1.png 236w, https:\/\/diariodigitalmx.com\/wp-content\/uploads\/2023\/10\/cover-149292-236x321-1-221x300.png 221w\" sizes=\"(max-width: 236px) 100vw, 236px\" \/><\/figure>\n\n\n\n<p>Ese espacio, ese jard\u00edn de CORAL BRACHO<br>La escritura po\u00e9tica de Coral Bracho transcurre como la vida misma, teje el hilo del tiempo y ah\u00ed mismo, al suceder, se consume. Se hace, se deshace y se rehace como un ciclo natural: por eso su tiempo es tambi\u00e9n el tempo de un respirar consciente de su milagro vital, de su hilaci\u00f3n entre fragmentaciones.<br>Ese espacio, ese jard\u00edn es el escenario donde juegan un entra\u00f1able papel personajes como la zorra, el jaguar, el ubicuo buf\u00f3n, ni\u00f1os chorreando plenitud y un interlocutor al que se dirige la voz po\u00e9tica con amorosa entrega. Es el espacio emotivo de la infancia, que ilumina e incesantemente reentabla un espacio vital. Pero sobre todo es el lugar del portento natural, descrito talentosamente, surcado siempre por finos rayos de luz, brillos y reflejos que lo revisten, de manera simult\u00e1nea, de una afilada nitidez y de una igualmente afilada certeza de la fugacidad. Pues en ese espacio, en ese jard\u00edn, la vida est\u00e1 sustentada en la raigambre de la muerte. El vac\u00edo \u2013donde nada ni nadie despierta\u2013 es la entidad en la que el tiempo se sostiene y adquiere volumen: se yergue, es una hoja de hierba cuyo nombre es la vida. Bracho ha consagrado sus dones al asedio de esa paradoja. El resultado es el largo poema que el lector tiene en sus manos, el reposado testimonio de una inteligencia po\u00e9tica a la que le fue dado ver, por un instante, el poder generador de lo que no es.<\/p>\n\n\n\n<figure class=\"wp-block-image size-full\"><img loading=\"lazy\" decoding=\"async\" width=\"236\" height=\"354\" src=\"http:\/\/diariodigitalmx.com\/wp-content\/uploads\/2023\/10\/edition-141195-236x354-1.png\" alt=\"\" class=\"wp-image-108407\" srcset=\"https:\/\/diariodigitalmx.com\/wp-content\/uploads\/2023\/10\/edition-141195-236x354-1.png 236w, https:\/\/diariodigitalmx.com\/wp-content\/uploads\/2023\/10\/edition-141195-236x354-1-200x300.png 200w\" sizes=\"(max-width: 236px) 100vw, 236px\" \/><\/figure>\n\n\n\n<p>Sombras detr\u00e1s de la ventana (nueva edici\u00f3n ampliada) Cuentos reunidos de EDUARDO ANTONIO PARRA<br>Los cuentos de Eduardo Antonio Parra, dijo el cr\u00edtico Christopher Dom\u00ednguez Michael, son una haza\u00f1a ret\u00f3rica, la de quien practica el arte de volver a contarnos una pesadilla. Infrecuente en cualquier lengua es ver aparecer entero a un cuentista natural, incapaz de confundir al g\u00e9nero con sus imitaciones o par\u00e1frasis, convocando al lector a ejercitar el infantil, estremecedor y sagrado \u201ccu\u00e9ntamelo otra vez\u201d sin el cual no hay experiencia literaria. Ninguno de los asuntos de Parra \u2013la nota roja, los mojados, la estulticia rural, el mundo prostibulario, los despose\u00eddos\u2013 eran nuevos ni ajenos a la tradici\u00f3n del realismo mexicano, como se corroborar\u00e1 leyendo desde Los l\u00edmites de la noche (1996), su primer libro, hasta Par\u00e1bolas del silencio (2006), acaso el m\u00e1s perfecto, pasando por Tierra de nadie (1999) y Nadie los vio salir (2001), vol\u00famenes agrupados en estos Cuentos reunidos.<br>En esta nueva edici\u00f3n ampliada, se incluye ahora, tambi\u00e9n, Desterrados (2013), un libro donde la lengua alcanza registros superlativos.<\/p>\n","protected":false},"excerpt":{"rendered":"<p>Gerson G\u00f3mez Salas\u00bfQu\u00e9 hace usted en un libro como \u00e9ste? de Rogelio VillarrealAun cuando se trata de uno de sus libros m\u00e1s decididamente personales \u2014y con eso quiero decir: m\u00e1s arriesgados con respecto a qu\u00e9 contar\u2014 es evidente que \u00e9sta no quiso ser nunca una celebraci\u00f3n eg\u00f3latra. Tampoco es ese tipo de ejercicio auto exploratorio [&hellip;]<\/p>\n","protected":false},"author":1,"featured_media":108401,"comment_status":"open","ping_status":"open","sticky":true,"template":"","format":"standard","meta":{"footnotes":""},"categories":[11,14],"tags":[],"_links":{"self":[{"href":"https:\/\/diariodigitalmx.com\/index.php\/wp-json\/wp\/v2\/posts\/108399"}],"collection":[{"href":"https:\/\/diariodigitalmx.com\/index.php\/wp-json\/wp\/v2\/posts"}],"about":[{"href":"https:\/\/diariodigitalmx.com\/index.php\/wp-json\/wp\/v2\/types\/post"}],"author":[{"embeddable":true,"href":"https:\/\/diariodigitalmx.com\/index.php\/wp-json\/wp\/v2\/users\/1"}],"replies":[{"embeddable":true,"href":"https:\/\/diariodigitalmx.com\/index.php\/wp-json\/wp\/v2\/comments?post=108399"}],"version-history":[{"count":4,"href":"https:\/\/diariodigitalmx.com\/index.php\/wp-json\/wp\/v2\/posts\/108399\/revisions"}],"predecessor-version":[{"id":108408,"href":"https:\/\/diariodigitalmx.com\/index.php\/wp-json\/wp\/v2\/posts\/108399\/revisions\/108408"}],"wp:featuredmedia":[{"embeddable":true,"href":"https:\/\/diariodigitalmx.com\/index.php\/wp-json\/wp\/v2\/media\/108401"}],"wp:attachment":[{"href":"https:\/\/diariodigitalmx.com\/index.php\/wp-json\/wp\/v2\/media?parent=108399"}],"wp:term":[{"taxonomy":"category","embeddable":true,"href":"https:\/\/diariodigitalmx.com\/index.php\/wp-json\/wp\/v2\/categories?post=108399"},{"taxonomy":"post_tag","embeddable":true,"href":"https:\/\/diariodigitalmx.com\/index.php\/wp-json\/wp\/v2\/tags?post=108399"}],"curies":[{"name":"wp","href":"https:\/\/api.w.org\/{rel}","templated":true}]}}