{"id":108412,"date":"2023-10-30T17:48:08","date_gmt":"2023-10-30T23:48:08","guid":{"rendered":"http:\/\/diariodigitalmx.com\/?p=108412"},"modified":"2023-10-30T17:51:41","modified_gmt":"2023-10-30T23:51:41","slug":"activa-escobedo-operativo-carrusel-piden-a-familias-protegerse-por-frio","status":"publish","type":"post","link":"https:\/\/diariodigitalmx.com\/index.php\/2023\/10\/30\/activa-escobedo-operativo-carrusel-piden-a-familias-protegerse-por-frio\/","title":{"rendered":"Activa Escobedo Operativo Carrusel; piden a familias protegerse por fr\u00edo"},"content":{"rendered":"\n<figure class=\"wp-block-image size-large\"><img loading=\"lazy\" decoding=\"async\" width=\"1024\" height=\"768\" src=\"http:\/\/diariodigitalmx.com\/wp-content\/uploads\/2023\/10\/FOTO-2-3-1024x768.jpeg\" alt=\"\" class=\"wp-image-108423\" srcset=\"https:\/\/diariodigitalmx.com\/wp-content\/uploads\/2023\/10\/FOTO-2-3-1024x768.jpeg 1024w, https:\/\/diariodigitalmx.com\/wp-content\/uploads\/2023\/10\/FOTO-2-3-300x225.jpeg 300w, https:\/\/diariodigitalmx.com\/wp-content\/uploads\/2023\/10\/FOTO-2-3-768x576.jpeg 768w, https:\/\/diariodigitalmx.com\/wp-content\/uploads\/2023\/10\/FOTO-2-3-1536x1152.jpeg 1536w, https:\/\/diariodigitalmx.com\/wp-content\/uploads\/2023\/10\/FOTO-2-3.jpeg 1600w\" sizes=\"(max-width: 1024px) 100vw, 1024px\" \/><\/figure>\n\n\n\n<p>Ante las bajas temperaturas en la Ciudad, elementos de Protecci\u00f3n Civil de Escobedo iniciaron la madrugada de este lunes el Operativo Carrusel para proteger a las personas que se encuentran en situaci\u00f3n vulnerable.<br>Patricia P\u00e9rez Tijerina, Directora de Protecci\u00f3n Civil Escobedo, dijo que los rescatistas recorren las calles de la Ciudad para ubicar y apoyar a personas en situaci\u00f3n de calle y ofrecerles traslado al albergue de la Colonia Fernando Amilpa.<\/p>\n\n\n\n<figure class=\"wp-block-image size-large\"><img loading=\"lazy\" decoding=\"async\" width=\"1024\" height=\"683\" src=\"http:\/\/diariodigitalmx.com\/wp-content\/uploads\/2023\/10\/FOTO-5-3-1024x683.jpeg\" alt=\"\" class=\"wp-image-108421\" srcset=\"https:\/\/diariodigitalmx.com\/wp-content\/uploads\/2023\/10\/FOTO-5-3-1024x683.jpeg 1024w, https:\/\/diariodigitalmx.com\/wp-content\/uploads\/2023\/10\/FOTO-5-3-300x200.jpeg 300w, https:\/\/diariodigitalmx.com\/wp-content\/uploads\/2023\/10\/FOTO-5-3-768x512.jpeg 768w, https:\/\/diariodigitalmx.com\/wp-content\/uploads\/2023\/10\/FOTO-5-3-1536x1024.jpeg 1536w, https:\/\/diariodigitalmx.com\/wp-content\/uploads\/2023\/10\/FOTO-5-3.jpeg 1600w\" sizes=\"(max-width: 1024px) 100vw, 1024px\" \/><\/figure>\n\n\n\n<p>Como parte del operativo, agreg\u00f3, los elementos reparten bebidas calientes, pan y cobijas.<\/p>\n\n\n\n<figure class=\"wp-block-image size-large\"><img loading=\"lazy\" decoding=\"async\" width=\"1024\" height=\"682\" src=\"http:\/\/diariodigitalmx.com\/wp-content\/uploads\/2023\/10\/FOTO-3-3-1024x682.jpeg\" alt=\"\" class=\"wp-image-108416\" srcset=\"https:\/\/diariodigitalmx.com\/wp-content\/uploads\/2023\/10\/FOTO-3-3-1024x682.jpeg 1024w, https:\/\/diariodigitalmx.com\/wp-content\/uploads\/2023\/10\/FOTO-3-3-300x200.jpeg 300w, https:\/\/diariodigitalmx.com\/wp-content\/uploads\/2023\/10\/FOTO-3-3-768x512.jpeg 768w, https:\/\/diariodigitalmx.com\/wp-content\/uploads\/2023\/10\/FOTO-3-3-1536x1023.jpeg 1536w, https:\/\/diariodigitalmx.com\/wp-content\/uploads\/2023\/10\/FOTO-3-3.jpeg 1600w\" sizes=\"(max-width: 1024px) 100vw, 1024px\" \/><\/figure>\n\n\n\n<p>El Operativo Carrusel inicia a partir de las 22:00 horas y hasta las primeras horas de la madrugada, visitando paradas de camiones, tiendas de conveniencia entre otros.<\/p>\n\n\n\n<p>Protecci\u00f3n Civil pide a la poblaci\u00f3n informar si conocen de alguien que requiera atenci\u00f3n o traslado al albergue. Los reportes se pueden hacer en el 81.8397.2911 o bien, para reportar alguna situaci\u00f3n de riesgo o emergencia.<\/p>\n\n\n\n<figure class=\"wp-block-image size-large\"><img loading=\"lazy\" decoding=\"async\" width=\"1024\" height=\"682\" src=\"http:\/\/diariodigitalmx.com\/wp-content\/uploads\/2023\/10\/FOTO-6-1-1024x682.jpeg\" alt=\"\" class=\"wp-image-108418\" srcset=\"https:\/\/diariodigitalmx.com\/wp-content\/uploads\/2023\/10\/FOTO-6-1-1024x682.jpeg 1024w, https:\/\/diariodigitalmx.com\/wp-content\/uploads\/2023\/10\/FOTO-6-1-300x200.jpeg 300w, https:\/\/diariodigitalmx.com\/wp-content\/uploads\/2023\/10\/FOTO-6-1-768x512.jpeg 768w, https:\/\/diariodigitalmx.com\/wp-content\/uploads\/2023\/10\/FOTO-6-1-1536x1023.jpeg 1536w, https:\/\/diariodigitalmx.com\/wp-content\/uploads\/2023\/10\/FOTO-6-1.jpeg 1600w\" sizes=\"(max-width: 1024px) 100vw, 1024px\" \/><\/figure>\n\n\n\n<p>Agreg\u00f3 que DIF de Escobedo tiene a disposici\u00f3n de la comunidad el albergue ubicado en la Colonia Fernando Amilpa, espec\u00edficamente entre las Calles Pi\u00f1a y Blas Chumacero. En este lugar se brinda un espacio c\u00e1lido para descansar y pasar las noches, adem\u00e1s se da asistencia m\u00e9dica, comida y bebidas calientes.<\/p>\n\n\n\n<figure class=\"wp-block-image size-large\"><img loading=\"lazy\" decoding=\"async\" width=\"1024\" height=\"682\" src=\"http:\/\/diariodigitalmx.com\/wp-content\/uploads\/2023\/10\/FOTO-4-3-1024x682.jpeg\" alt=\"\" class=\"wp-image-108425\" srcset=\"https:\/\/diariodigitalmx.com\/wp-content\/uploads\/2023\/10\/FOTO-4-3-1024x682.jpeg 1024w, https:\/\/diariodigitalmx.com\/wp-content\/uploads\/2023\/10\/FOTO-4-3-300x200.jpeg 300w, https:\/\/diariodigitalmx.com\/wp-content\/uploads\/2023\/10\/FOTO-4-3-768x512.jpeg 768w, https:\/\/diariodigitalmx.com\/wp-content\/uploads\/2023\/10\/FOTO-4-3-1536x1023.jpeg 1536w, https:\/\/diariodigitalmx.com\/wp-content\/uploads\/2023\/10\/FOTO-4-3.jpeg 1600w\" sizes=\"(max-width: 1024px) 100vw, 1024px\" \/><\/figure>\n\n\n\n<p>Ante las bajas temperaturas, Protecci\u00f3n Civil de Escobedo recomienda a la poblaci\u00f3n no salir de sus hogares si no es necesario, evitar cambios bruscos de temperatura y corrientes de aire. En caso de salir, cubrir boca y nariz, para evitar respirar el aire frio y usar ropa abrigadora.<\/p>\n\n\n\n<p>En los hogares se recomienda evitar el uso de fogatas y\/o prender la estufa para calentar los espacios, adem\u00e1s de pide mantener una ventilaci\u00f3n adecuada en los cuartos.<\/p>\n","protected":false},"excerpt":{"rendered":"<p>Ante las bajas temperaturas en la Ciudad, elementos de Protecci\u00f3n Civil de Escobedo iniciaron la madrugada de este lunes el Operativo Carrusel para proteger a las personas que se encuentran en situaci\u00f3n vulnerable.Patricia P\u00e9rez Tijerina, Directora de Protecci\u00f3n Civil Escobedo, dijo que los rescatistas recorren las calles de la Ciudad para ubicar y apoyar a [&hellip;]<\/p>\n","protected":false},"author":1,"featured_media":108414,"comment_status":"open","ping_status":"open","sticky":true,"template":"","format":"standard","meta":{"footnotes":""},"categories":[14,6],"tags":[],"_links":{"self":[{"href":"https:\/\/diariodigitalmx.com\/index.php\/wp-json\/wp\/v2\/posts\/108412"}],"collection":[{"href":"https:\/\/diariodigitalmx.com\/index.php\/wp-json\/wp\/v2\/posts"}],"about":[{"href":"https:\/\/diariodigitalmx.com\/index.php\/wp-json\/wp\/v2\/types\/post"}],"author":[{"embeddable":true,"href":"https:\/\/diariodigitalmx.com\/index.php\/wp-json\/wp\/v2\/users\/1"}],"replies":[{"embeddable":true,"href":"https:\/\/diariodigitalmx.com\/index.php\/wp-json\/wp\/v2\/comments?post=108412"}],"version-history":[{"count":6,"href":"https:\/\/diariodigitalmx.com\/index.php\/wp-json\/wp\/v2\/posts\/108412\/revisions"}],"predecessor-version":[{"id":108426,"href":"https:\/\/diariodigitalmx.com\/index.php\/wp-json\/wp\/v2\/posts\/108412\/revisions\/108426"}],"wp:featuredmedia":[{"embeddable":true,"href":"https:\/\/diariodigitalmx.com\/index.php\/wp-json\/wp\/v2\/media\/108414"}],"wp:attachment":[{"href":"https:\/\/diariodigitalmx.com\/index.php\/wp-json\/wp\/v2\/media?parent=108412"}],"wp:term":[{"taxonomy":"category","embeddable":true,"href":"https:\/\/diariodigitalmx.com\/index.php\/wp-json\/wp\/v2\/categories?post=108412"},{"taxonomy":"post_tag","embeddable":true,"href":"https:\/\/diariodigitalmx.com\/index.php\/wp-json\/wp\/v2\/tags?post=108412"}],"curies":[{"name":"wp","href":"https:\/\/api.w.org\/{rel}","templated":true}]}}