{"id":108427,"date":"2023-10-30T17:59:46","date_gmt":"2023-10-30T23:59:46","guid":{"rendered":"http:\/\/diariodigitalmx.com\/?p=108427"},"modified":"2023-10-30T18:03:46","modified_gmt":"2023-10-31T00:03:46","slug":"dia-de-muertos-reflejo-de-muchos-mexico","status":"publish","type":"post","link":"https:\/\/diariodigitalmx.com\/index.php\/2023\/10\/30\/dia-de-muertos-reflejo-de-muchos-mexico\/","title":{"rendered":"D\u00eda de Muertos, reflejo de muchos M\u00e9xico"},"content":{"rendered":"\n<p>Charlas de taberna<br>Marcos H. Valerio<\/p>\n\n\n\n<p>El D\u00eda de Muertos se festeja en todo el pa\u00eds, pero cada uno de manera diferente, afirma el soci\u00f3logo del Centro Regional de Investigaciones Multidisciplinarias (CRIM) de la UNAM, H\u00e9ctor Rosales.<\/p>\n\n\n\n<p>\u201cBasta comparar c\u00f3mo se celebra en la huasteca con el Xantolo y sus m\u00e1scaras, en la zona maya con sus mucbipollos, tamales estilo pib que emulan un entierro con todo y huesos, o en Michoac\u00e1n, con sus veladoras capaces de iluminar una isla de noche, para darnos una idea de c\u00f3mo cada pueblo entiende el sentido de la muerte y la vida\u201d.<\/p>\n\n\n\n<figure class=\"wp-block-image size-large\"><img loading=\"lazy\" decoding=\"async\" width=\"1024\" height=\"683\" src=\"http:\/\/diariodigitalmx.com\/wp-content\/uploads\/2023\/10\/IMG-20231030-WA0089-1024x683.jpg\" alt=\"\" class=\"wp-image-108438\" srcset=\"https:\/\/diariodigitalmx.com\/wp-content\/uploads\/2023\/10\/IMG-20231030-WA0089-1024x683.jpg 1024w, https:\/\/diariodigitalmx.com\/wp-content\/uploads\/2023\/10\/IMG-20231030-WA0089-300x200.jpg 300w, https:\/\/diariodigitalmx.com\/wp-content\/uploads\/2023\/10\/IMG-20231030-WA0089-768x512.jpg 768w, https:\/\/diariodigitalmx.com\/wp-content\/uploads\/2023\/10\/IMG-20231030-WA0089.jpg 1500w\" sizes=\"(max-width: 1024px) 100vw, 1024px\" \/><\/figure>\n\n\n\n<p>Referente a s\u00ed es rito cat\u00f3lico de Todos los Santos o una ceremonia prehisp\u00e1nica? Aclar\u00f3 que la respuesta no est\u00e1 en los extremos sino en el medio. Por ello sugiere tomar con reservas los discursos oficiales que buscan hacer de D\u00eda de Muertos expresi\u00f3n de una identidad nacional sin conciencia de lo diverso y algo ciega a los matices.<\/p>\n\n\n\n<figure class=\"wp-block-image size-large\"><img loading=\"lazy\" decoding=\"async\" width=\"1024\" height=\"682\" src=\"http:\/\/diariodigitalmx.com\/wp-content\/uploads\/2023\/10\/IMG-20231030-WA0088-1024x682.jpg\" alt=\"\" class=\"wp-image-108431\" srcset=\"https:\/\/diariodigitalmx.com\/wp-content\/uploads\/2023\/10\/IMG-20231030-WA0088-1024x682.jpg 1024w, https:\/\/diariodigitalmx.com\/wp-content\/uploads\/2023\/10\/IMG-20231030-WA0088-300x200.jpg 300w, https:\/\/diariodigitalmx.com\/wp-content\/uploads\/2023\/10\/IMG-20231030-WA0088-768x512.jpg 768w, https:\/\/diariodigitalmx.com\/wp-content\/uploads\/2023\/10\/IMG-20231030-WA0088-1536x1023.jpg 1536w, https:\/\/diariodigitalmx.com\/wp-content\/uploads\/2023\/10\/IMG-20231030-WA0088.jpg 1600w\" sizes=\"(max-width: 1024px) 100vw, 1024px\" \/><\/figure>\n\n\n\n<p>\u201cCuando intervienen las instituciones las diferencias se aplanan, y no es que yo est\u00e9 a favor de la pureza de las tradiciones o de que permanezcan inamovibles, pero tampoco lo estoy de las pretensiones de uniformidad. Por ello me parece pertinente ahondar en esta festividad que, m\u00e1s que una casilla a tachar en nuestros calendarios, es un magma cultural que nos permite a los mexicanos entablar un di\u00e1logo de nosotros con nosotros\u201d.<\/p>\n\n\n\n<p>Y es que para el investigador del CRIM, aunque tiene ecos del pasado, D\u00eda de Muertos es tambi\u00e9n un espejo del presente, pues visibiliza aquello que hoy nos preocupa y duele.<\/p>\n\n\n\n<figure class=\"wp-block-image size-large\"><img loading=\"lazy\" decoding=\"async\" width=\"1024\" height=\"682\" src=\"http:\/\/diariodigitalmx.com\/wp-content\/uploads\/2023\/10\/IMG-20231030-WA0091-1024x682.jpg\" alt=\"\" class=\"wp-image-108433\" srcset=\"https:\/\/diariodigitalmx.com\/wp-content\/uploads\/2023\/10\/IMG-20231030-WA0091-1024x682.jpg 1024w, https:\/\/diariodigitalmx.com\/wp-content\/uploads\/2023\/10\/IMG-20231030-WA0091-300x200.jpg 300w, https:\/\/diariodigitalmx.com\/wp-content\/uploads\/2023\/10\/IMG-20231030-WA0091-768x512.jpg 768w, https:\/\/diariodigitalmx.com\/wp-content\/uploads\/2023\/10\/IMG-20231030-WA0091-1536x1023.jpg 1536w, https:\/\/diariodigitalmx.com\/wp-content\/uploads\/2023\/10\/IMG-20231030-WA0091.jpg 1600w\" sizes=\"(max-width: 1024px) 100vw, 1024px\" \/><\/figure>\n\n\n\n<p>Que la fecha tenga un componente de cr\u00edtica social tan pronunciado, algo no mencionado en el discurso oficial, se debe en gran parte a que, por su naturaleza misma, las ofrendas son muy perform\u00e1ticas y, por lo mismo, permiten poner el dedo en m\u00faltiples llagas, relata el profesor Rosales.<\/p>\n\n\n\n<p>\u201cConsideremos los altares colocados tras los temblores de 1985 o 2017, los levantados para los fallecidos por la pandemia, cuyo n\u00famero podr\u00eda ser mucho mayor al reconocido, los instalados para recordar las v\u00edctimas de la violencia machista o incluso los que se ponen para los desaparecidos, los cuales por dedicarse a personas sobre las cuales no hay certeza de muerte nos dejan con un vac\u00edo simb\u00f3lico al que no nos deber\u00edamos acostumbrar\u201d.<\/p>\n\n\n\n<p>Tras a\u00f1os de reflexionar sobre el tema, H\u00e9ctor Rosales tiene una hip\u00f3tesis: D\u00eda de Muertos se ha mantenido como una de las celebraciones m\u00e1s importantes en el pa\u00eds porque provee a los mexicanos de una serie de asideros culturales que nos permiten navegar por escenarios que, de otra forma, nos resultar\u00edan de un amargor y una hondura insostenibles.<\/p>\n\n\n\n<figure class=\"wp-block-image size-large\"><img loading=\"lazy\" decoding=\"async\" width=\"1024\" height=\"682\" src=\"http:\/\/diariodigitalmx.com\/wp-content\/uploads\/2023\/10\/IMG-20231030-WA0092-1024x682.jpg\" alt=\"\" class=\"wp-image-108436\" srcset=\"https:\/\/diariodigitalmx.com\/wp-content\/uploads\/2023\/10\/IMG-20231030-WA0092-1024x682.jpg 1024w, https:\/\/diariodigitalmx.com\/wp-content\/uploads\/2023\/10\/IMG-20231030-WA0092-300x200.jpg 300w, https:\/\/diariodigitalmx.com\/wp-content\/uploads\/2023\/10\/IMG-20231030-WA0092-768x512.jpg 768w, https:\/\/diariodigitalmx.com\/wp-content\/uploads\/2023\/10\/IMG-20231030-WA0092-1536x1023.jpg 1536w, https:\/\/diariodigitalmx.com\/wp-content\/uploads\/2023\/10\/IMG-20231030-WA0092.jpg 1600w\" sizes=\"(max-width: 1024px) 100vw, 1024px\" \/><\/figure>\n\n\n\n<p>\u201cSobre aquella pregunta inicial, la de si pongo ofrendas por cultura o costumbre, una vez m\u00e1s la respuesta est\u00e1 por ah\u00ed, como a la mitad, pues D\u00eda de Muertos es, como dicen los ind\u00edgenas, \u2018un costumbre\u2019, es decir, un recurso para modificar nuestros espacios y transmitir un discurso, y ambas cosas, en alg\u00fan punto, terminan siendo alimento de nuestra cultura\u201d.<\/p>\n\n\n\n<p>NO ES QUE EST\u00c9 TRISTE, ES QUE ME ACUERDO<br>La tanat\u00f3loga en la Facultad de Psicolog\u00eda de la UNAM, Guadalupe Medina, afirma que su profesi\u00f3n la ha llevado a compartir los \u00faltimos momentos de muchos pacientes terminales. \u201cIncluso trat\u00e1ndose de personas sin nada en com\u00fan su \u00faltimo deseo siempre es el mismo: regresar a casa, ser tomados de la mano y no ser dejados en ning\u00fan momento solos\u201d.<\/p>\n\n\n\n<p>Y hasta ah\u00ed se atreve a contar, pues de lo que viene al terminar la vida no sabemos nada. \u201cDe lo que s\u00ed podemos y debemos hablar es de qu\u00e9 sucede con quienes se quedan aqu\u00ed, con los deudos, quienes tras la partida f\u00edsica de un ser querido se ven invadidos por un dolor intenso\u201d.<\/p>\n\n\n\n<p>A fin lidiar con el sufrimiento hemos inventado una serie de rituales, como el velorio o el sepelio, cuya finalidad, m\u00e1s que pedir por el descanso eterno del finado, es acompa\u00f1ar a los dolientes en sus horas m\u00e1s oscuras, en aquellas que si son encaradas en soledad pueden llevar al aislamiento o a una depresi\u00f3n severa, y eso es algo a evitar, subraya la universitaria.<\/p>\n\n\n\n<p>Estar rodeado de gente, como sucede en los novenarios, es una v\u00eda para procurarnos alivio, a\u00f1ade la profesora Medina. \u201cEstar ah\u00ed nos orilla a platicar del finado, de c\u00f3mo muri\u00f3 y, a medida que relatamos lo acontecido, vamos tomando conciencia de la realidad en la que estamos. Hablar siempre ayuda, pues evita caer en la negaci\u00f3n y nos impulsa a seguir adelante\u201d.<\/p>\n\n\n\n<p>Para la experta en piscolog\u00eda cl\u00ednica, D\u00eda de Muertos se inscribe en este rubro de rituales sanadores porque, como se\u00f1ala, \u201cno nos enga\u00f1emos, el 2 de noviembre es m\u00e1s para nosotros que para ellos\u201d. Y es que, a decir de la acad\u00e9mica, colocar en un altar la comida y bebida preferidas de nuestra persona querida es una manera de recordarla en sus mejores momentos, y aunque ello provoque tristeza suele ser una de \u00e9sas que invita a sonre\u00edr.<\/p>\n\n\n\n<p>\u201cCada ofrenda es una oportunidad de cumplirle esa \u00faltima voluntad a nuestros difuntos, pues dedicarles altares es nuestra forma de traerlos a casa, de tomarlos de la mano y de hacerles saber que no est\u00e1n solos porque los recordamos. Hacer todo eso nos ayuda a procesar las p\u00e9rdidas y tambi\u00e9n a ir asimilando que, pese a todo, la vida sigue\u201d.<\/p>\n","protected":false},"excerpt":{"rendered":"<p>Charlas de tabernaMarcos H. Valerio El D\u00eda de Muertos se festeja en todo el pa\u00eds, pero cada uno de manera diferente, afirma el soci\u00f3logo del Centro Regional de Investigaciones Multidisciplinarias (CRIM) de la UNAM, H\u00e9ctor Rosales. \u201cBasta comparar c\u00f3mo se celebra en la huasteca con el Xantolo y sus m\u00e1scaras, en la zona maya con [&hellip;]<\/p>\n","protected":false},"author":1,"featured_media":108429,"comment_status":"open","ping_status":"open","sticky":true,"template":"","format":"standard","meta":{"footnotes":""},"categories":[14,2],"tags":[],"_links":{"self":[{"href":"https:\/\/diariodigitalmx.com\/index.php\/wp-json\/wp\/v2\/posts\/108427"}],"collection":[{"href":"https:\/\/diariodigitalmx.com\/index.php\/wp-json\/wp\/v2\/posts"}],"about":[{"href":"https:\/\/diariodigitalmx.com\/index.php\/wp-json\/wp\/v2\/types\/post"}],"author":[{"embeddable":true,"href":"https:\/\/diariodigitalmx.com\/index.php\/wp-json\/wp\/v2\/users\/1"}],"replies":[{"embeddable":true,"href":"https:\/\/diariodigitalmx.com\/index.php\/wp-json\/wp\/v2\/comments?post=108427"}],"version-history":[{"count":5,"href":"https:\/\/diariodigitalmx.com\/index.php\/wp-json\/wp\/v2\/posts\/108427\/revisions"}],"predecessor-version":[{"id":108439,"href":"https:\/\/diariodigitalmx.com\/index.php\/wp-json\/wp\/v2\/posts\/108427\/revisions\/108439"}],"wp:featuredmedia":[{"embeddable":true,"href":"https:\/\/diariodigitalmx.com\/index.php\/wp-json\/wp\/v2\/media\/108429"}],"wp:attachment":[{"href":"https:\/\/diariodigitalmx.com\/index.php\/wp-json\/wp\/v2\/media?parent=108427"}],"wp:term":[{"taxonomy":"category","embeddable":true,"href":"https:\/\/diariodigitalmx.com\/index.php\/wp-json\/wp\/v2\/categories?post=108427"},{"taxonomy":"post_tag","embeddable":true,"href":"https:\/\/diariodigitalmx.com\/index.php\/wp-json\/wp\/v2\/tags?post=108427"}],"curies":[{"name":"wp","href":"https:\/\/api.w.org\/{rel}","templated":true}]}}