{"id":108440,"date":"2023-10-30T19:10:11","date_gmt":"2023-10-31T01:10:11","guid":{"rendered":"http:\/\/diariodigitalmx.com\/?p=108440"},"modified":"2023-10-30T19:11:14","modified_gmt":"2023-10-31T01:11:14","slug":"festejara-los-ramones-111-aniversario-con-tradicional-feria","status":"publish","type":"post","link":"https:\/\/diariodigitalmx.com\/index.php\/2023\/10\/30\/festejara-los-ramones-111-aniversario-con-tradicional-feria\/","title":{"rendered":"Festejar\u00e1 Los Ramones 111 aniversario con tradicional feria"},"content":{"rendered":"\n<p>Con la participaci\u00f3n de Los Herederos e Impostores de Nuevo Le\u00f3n y Leandro R\u00edos, el municipio de Los Ramones celebrar\u00e1 del 3 al 5 de noviembre de 2023 el 111 Aniversario de su fundaci\u00f3n.<\/p>\n\n\n\n<p>El alcalde Pl\u00e1cido Rodr\u00edguez Trevi\u00f1o en conferencia de prensa anunci\u00f3 la serie de actividades culturales, art\u00edsticas y sociales que se realizar\u00e1n en su tradicional Feria, durante los tres d\u00edas de festejos, en un ambiente 100% familiar.<\/p>\n\n\n\n<p>Los Ramones fue reconocido como municipio el 30 de octubre de 1912.<br>Para lograr una mayor asistencia tanto de residentes de Los Ramones como de otros municipios y los paisanos que residen en los Estados Unidos de Am\u00e9rica, se decidi\u00f3 efectuar los festejos este fin de semana, mencion\u00f3 el mun\u00edcipe.<\/p>\n\n\n\n<figure class=\"wp-block-image size-full\"><img loading=\"lazy\" decoding=\"async\" width=\"1024\" height=\"683\" src=\"http:\/\/diariodigitalmx.com\/wp-content\/uploads\/2023\/10\/IMG-20231030-WA0110.jpg\" alt=\"\" class=\"wp-image-108443\" srcset=\"https:\/\/diariodigitalmx.com\/wp-content\/uploads\/2023\/10\/IMG-20231030-WA0110.jpg 1024w, https:\/\/diariodigitalmx.com\/wp-content\/uploads\/2023\/10\/IMG-20231030-WA0110-300x200.jpg 300w, https:\/\/diariodigitalmx.com\/wp-content\/uploads\/2023\/10\/IMG-20231030-WA0110-768x512.jpg 768w\" sizes=\"(max-width: 1024px) 100vw, 1024px\" \/><\/figure>\n\n\n\n<p>\u201cEstamos de manteles largos celebrando 111 a\u00f1os de uno de los municipios m\u00e1s j\u00f3venes, y con m\u00e1s tradiciones de Nuevo Le\u00f3n. Hablar de Los Ramones es hablar de su gastronom\u00eda, los artistas de m\u00fasica regional que han trascendido m\u00e1s all\u00e1 de las fronteras de M\u00e9xico\u201d, agreg\u00f3 Rodr\u00edguez Trevi\u00f1o.<\/p>\n\n\n\n<p>Adem\u00e1s de la Feria con juegos mec\u00e1nicos, exposici\u00f3n de artesan\u00edas y venta de alimentos t\u00edpicos, se presentar\u00e1n grupos de danza y se llevar\u00e1n a cabo actividades culturales.<\/p>\n\n\n\n<p>La apertura de la Feria en un \u00e1rea techada con capacidad para m\u00e1s de cinco mil personas, en la cual se presentar\u00e1n en el tradicional baile de cierre los diversos grupos musicales como Los Herederos de Nuevo Le\u00f3n, Leandro R\u00edos e Impostores de Nuevo Le\u00f3n entre otros que integrar\u00e1n los programas de actividades musicales y art\u00edsticas de cada d\u00eda, iniciar\u00e1n a las 19 horas y concluir\u00e1n aproximadamente a la una de la ma\u00f1ana del d\u00eda siguiente.<\/p>\n\n\n\n<p>\u201cSe contar\u00e1n con vigilancia especial por parte de las corporaciones de seguridad, para garantizar un ambiente tranquilo para toda la familia\u201d, concluy\u00f3 el Alcalde.<\/p>\n","protected":false},"excerpt":{"rendered":"<p>Con la participaci\u00f3n de Los Herederos e Impostores de Nuevo Le\u00f3n y Leandro R\u00edos, el municipio de Los Ramones celebrar\u00e1 del 3 al 5 de noviembre de 2023 el 111 Aniversario de su fundaci\u00f3n. El alcalde Pl\u00e1cido Rodr\u00edguez Trevi\u00f1o en conferencia de prensa anunci\u00f3 la serie de actividades culturales, art\u00edsticas y sociales que se realizar\u00e1n [&hellip;]<\/p>\n","protected":false},"author":1,"featured_media":108442,"comment_status":"open","ping_status":"open","sticky":true,"template":"","format":"standard","meta":{"footnotes":""},"categories":[14,6],"tags":[],"_links":{"self":[{"href":"https:\/\/diariodigitalmx.com\/index.php\/wp-json\/wp\/v2\/posts\/108440"}],"collection":[{"href":"https:\/\/diariodigitalmx.com\/index.php\/wp-json\/wp\/v2\/posts"}],"about":[{"href":"https:\/\/diariodigitalmx.com\/index.php\/wp-json\/wp\/v2\/types\/post"}],"author":[{"embeddable":true,"href":"https:\/\/diariodigitalmx.com\/index.php\/wp-json\/wp\/v2\/users\/1"}],"replies":[{"embeddable":true,"href":"https:\/\/diariodigitalmx.com\/index.php\/wp-json\/wp\/v2\/comments?post=108440"}],"version-history":[{"count":2,"href":"https:\/\/diariodigitalmx.com\/index.php\/wp-json\/wp\/v2\/posts\/108440\/revisions"}],"predecessor-version":[{"id":108444,"href":"https:\/\/diariodigitalmx.com\/index.php\/wp-json\/wp\/v2\/posts\/108440\/revisions\/108444"}],"wp:featuredmedia":[{"embeddable":true,"href":"https:\/\/diariodigitalmx.com\/index.php\/wp-json\/wp\/v2\/media\/108442"}],"wp:attachment":[{"href":"https:\/\/diariodigitalmx.com\/index.php\/wp-json\/wp\/v2\/media?parent=108440"}],"wp:term":[{"taxonomy":"category","embeddable":true,"href":"https:\/\/diariodigitalmx.com\/index.php\/wp-json\/wp\/v2\/categories?post=108440"},{"taxonomy":"post_tag","embeddable":true,"href":"https:\/\/diariodigitalmx.com\/index.php\/wp-json\/wp\/v2\/tags?post=108440"}],"curies":[{"name":"wp","href":"https:\/\/api.w.org\/{rel}","templated":true}]}}