{"id":108445,"date":"2023-10-30T21:08:34","date_gmt":"2023-10-31T03:08:34","guid":{"rendered":"http:\/\/diariodigitalmx.com\/?p=108445"},"modified":"2023-10-30T21:12:17","modified_gmt":"2023-10-31T03:12:17","slug":"activa-estado-operativo-abriga-nuevo-leon-por-bajas-temperaturas-en-la-zona-metropolitana-regia","status":"publish","type":"post","link":"https:\/\/diariodigitalmx.com\/index.php\/2023\/10\/30\/activa-estado-operativo-abriga-nuevo-leon-por-bajas-temperaturas-en-la-zona-metropolitana-regia\/","title":{"rendered":"Activa Estado, operativo &#8220;Abriga Nuevo Le\u00f3n&#8221;, por bajas temperaturas en la zona metropolitana regia"},"content":{"rendered":"\n<figure class=\"wp-block-image size-large\"><img loading=\"lazy\" decoding=\"async\" width=\"1024\" height=\"768\" src=\"http:\/\/diariodigitalmx.com\/wp-content\/uploads\/2023\/10\/image00003-6-1024x768.jpeg\" alt=\"\" class=\"wp-image-108449\" srcset=\"https:\/\/diariodigitalmx.com\/wp-content\/uploads\/2023\/10\/image00003-6-1024x768.jpeg 1024w, https:\/\/diariodigitalmx.com\/wp-content\/uploads\/2023\/10\/image00003-6-300x225.jpeg 300w, https:\/\/diariodigitalmx.com\/wp-content\/uploads\/2023\/10\/image00003-6-768x576.jpeg 768w, https:\/\/diariodigitalmx.com\/wp-content\/uploads\/2023\/10\/image00003-6-1536x1152.jpeg 1536w, https:\/\/diariodigitalmx.com\/wp-content\/uploads\/2023\/10\/image00003-6.jpeg 1600w\" sizes=\"(max-width: 1024px) 100vw, 1024px\" \/><\/figure>\n\n\n\n<p>Monterrey, Nuevo Le\u00f3n.- De manera conjunta, la Secretar\u00eda de Igualdad e Inclusi\u00f3n, Protecci\u00f3n Civil y DIF Estatal implementan el operativo \u201cAbriga Nuevo Le\u00f3n\u201d.<\/p>\n\n\n\n<p>Derivado de las bajas temperaturas causadas por la entrada del Frente Fr\u00edo n\u00famero 8, las dependencias estatales comenzaron con la entrega de diversos insumos en puntos donde se encuentran personas en contexto de movilidad humana, personas migrantes y en situaci\u00f3n de calle.<\/p>\n\n\n\n<p>El operativo \u201cAbriga Nuevo Le\u00f3n\u201d dio inicio con la dotaci\u00f3n de 450 cobertores, entregados en Casa INDI, en el Hospital de Zona no. 21, en la Casa de la Cultura de Nuevo Le\u00f3n, en Monterrey.<\/p>\n\n\n\n<figure class=\"wp-block-image size-large\"><img loading=\"lazy\" decoding=\"async\" width=\"1024\" height=\"768\" src=\"http:\/\/diariodigitalmx.com\/wp-content\/uploads\/2023\/10\/image00004-7-1024x768.jpeg\" alt=\"\" class=\"wp-image-108451\" srcset=\"https:\/\/diariodigitalmx.com\/wp-content\/uploads\/2023\/10\/image00004-7-1024x768.jpeg 1024w, https:\/\/diariodigitalmx.com\/wp-content\/uploads\/2023\/10\/image00004-7-300x225.jpeg 300w, https:\/\/diariodigitalmx.com\/wp-content\/uploads\/2023\/10\/image00004-7-768x576.jpeg 768w, https:\/\/diariodigitalmx.com\/wp-content\/uploads\/2023\/10\/image00004-7-1536x1152.jpeg 1536w, https:\/\/diariodigitalmx.com\/wp-content\/uploads\/2023\/10\/image00004-7.jpeg 1600w\" sizes=\"(max-width: 1024px) 100vw, 1024px\" \/><\/figure>\n\n\n\n<p>As\u00ed como en la Avenida Crist\u00f3bal Col\u00f3n y Bernardo Reyes, punto al que acudi\u00f3 la Secretaria de Igualdad e Inclusi\u00f3n, Martha Herrera, para hacer entrega de insumos.<\/p>\n\n\n\n<p>Inform\u00f3 que continuar\u00e1n con el operativo en diversos puntos del \u00e1rea metropolitana de Monterrey, poniendo especial \u00e9nfasis en las personas que se encuentran en situaci\u00f3n de mayor vulnerabilidad.<\/p>\n\n\n\n<figure class=\"wp-block-image size-large\"><img loading=\"lazy\" decoding=\"async\" width=\"1024\" height=\"596\" src=\"http:\/\/diariodigitalmx.com\/wp-content\/uploads\/2023\/10\/image00007-4-1024x596.jpeg\" alt=\"\" class=\"wp-image-108453\" srcset=\"https:\/\/diariodigitalmx.com\/wp-content\/uploads\/2023\/10\/image00007-4-1024x596.jpeg 1024w, https:\/\/diariodigitalmx.com\/wp-content\/uploads\/2023\/10\/image00007-4-300x175.jpeg 300w, https:\/\/diariodigitalmx.com\/wp-content\/uploads\/2023\/10\/image00007-4-768x447.jpeg 768w, https:\/\/diariodigitalmx.com\/wp-content\/uploads\/2023\/10\/image00007-4.jpeg 1155w\" sizes=\"(max-width: 1024px) 100vw, 1024px\" \/><\/figure>\n\n\n\n<p>El programa \u201cAbriga Nuevo Le\u00f3n\u201d forma parte de la \u201cNueva Ruta; Incluir para Ser Iguales\u201d y su objetivo de prevenir los riesgos causados por las bajas temperaturas que se presentan durante esta temporada, focalizando sus esfuerzos en la poblaci\u00f3n que se encuentra en situaci\u00f3n de vulnerabilidad, como personas en contexto de movilidad humana, sin hogar y comunidades de pueblos originarios.<\/p>\n\n\n\n<figure class=\"wp-block-image size-large\"><img loading=\"lazy\" decoding=\"async\" width=\"1024\" height=\"768\" src=\"http:\/\/diariodigitalmx.com\/wp-content\/uploads\/2023\/10\/image00001-6-1024x768.jpeg\" alt=\"\" class=\"wp-image-108455\" srcset=\"https:\/\/diariodigitalmx.com\/wp-content\/uploads\/2023\/10\/image00001-6-1024x768.jpeg 1024w, https:\/\/diariodigitalmx.com\/wp-content\/uploads\/2023\/10\/image00001-6-300x225.jpeg 300w, https:\/\/diariodigitalmx.com\/wp-content\/uploads\/2023\/10\/image00001-6-768x576.jpeg 768w, https:\/\/diariodigitalmx.com\/wp-content\/uploads\/2023\/10\/image00001-6-1536x1152.jpeg 1536w, https:\/\/diariodigitalmx.com\/wp-content\/uploads\/2023\/10\/image00001-6.jpeg 1600w\" sizes=\"(max-width: 1024px) 100vw, 1024px\" \/><\/figure>\n\n\n\n<p><br>Asimismo, Protecci\u00f3n Civil emiti\u00f3 una serie de recomendaciones para protegerse del fr\u00edo, entre las que destacan:<br> Proteger rostro y cabeza, cubrir boca y nariz, para evitar aspirar aire fr\u00edo; los cambios bruscos pueden provocar enfermedades en el sistema respiratorio.<br>Siempre que sea posible, usar suficientes cobijas durante la noche, que es cuando m\u00e1s baja la temperatura.<br>Tener especial cuidado con los menores de 5 a\u00f1os y con los adultos mayores de 65, ya que estos grupos representan la poblaci\u00f3n m\u00e1s vulnerable ante los cambios bruscos de temperatura.<br>Poner especial cuidado con el mon\u00f3xido de carbono que despiden los calefactores, hornos, estufas, cocinas y chimeneas; el inhalarlo en altas cantidades puede causar la muerte.<br>Usar chimeneas, calentadores y hornillos en caso de que el fr\u00edo sea muy intenso y las cobijas no sean suficientes, siempre y cuando exista ventilaci\u00f3n adecuada (no directa) y apagarlos antes de dormir.<\/p>\n","protected":false},"excerpt":{"rendered":"<p>Monterrey, Nuevo Le\u00f3n.- De manera conjunta, la Secretar\u00eda de Igualdad e Inclusi\u00f3n, Protecci\u00f3n Civil y DIF Estatal implementan el operativo \u201cAbriga Nuevo Le\u00f3n\u201d. Derivado de las bajas temperaturas causadas por la entrada del Frente Fr\u00edo n\u00famero 8, las dependencias estatales comenzaron con la entrega de diversos insumos en puntos donde se encuentran personas en contexto [&hellip;]<\/p>\n","protected":false},"author":1,"featured_media":108447,"comment_status":"open","ping_status":"open","sticky":true,"template":"","format":"standard","meta":{"footnotes":""},"categories":[14,6],"tags":[],"_links":{"self":[{"href":"https:\/\/diariodigitalmx.com\/index.php\/wp-json\/wp\/v2\/posts\/108445"}],"collection":[{"href":"https:\/\/diariodigitalmx.com\/index.php\/wp-json\/wp\/v2\/posts"}],"about":[{"href":"https:\/\/diariodigitalmx.com\/index.php\/wp-json\/wp\/v2\/types\/post"}],"author":[{"embeddable":true,"href":"https:\/\/diariodigitalmx.com\/index.php\/wp-json\/wp\/v2\/users\/1"}],"replies":[{"embeddable":true,"href":"https:\/\/diariodigitalmx.com\/index.php\/wp-json\/wp\/v2\/comments?post=108445"}],"version-history":[{"count":6,"href":"https:\/\/diariodigitalmx.com\/index.php\/wp-json\/wp\/v2\/posts\/108445\/revisions"}],"predecessor-version":[{"id":108457,"href":"https:\/\/diariodigitalmx.com\/index.php\/wp-json\/wp\/v2\/posts\/108445\/revisions\/108457"}],"wp:featuredmedia":[{"embeddable":true,"href":"https:\/\/diariodigitalmx.com\/index.php\/wp-json\/wp\/v2\/media\/108447"}],"wp:attachment":[{"href":"https:\/\/diariodigitalmx.com\/index.php\/wp-json\/wp\/v2\/media?parent=108445"}],"wp:term":[{"taxonomy":"category","embeddable":true,"href":"https:\/\/diariodigitalmx.com\/index.php\/wp-json\/wp\/v2\/categories?post=108445"},{"taxonomy":"post_tag","embeddable":true,"href":"https:\/\/diariodigitalmx.com\/index.php\/wp-json\/wp\/v2\/tags?post=108445"}],"curies":[{"name":"wp","href":"https:\/\/api.w.org\/{rel}","templated":true}]}}