{"id":108508,"date":"2023-10-31T23:36:47","date_gmt":"2023-11-01T05:36:47","guid":{"rendered":"http:\/\/diariodigitalmx.com\/?p=108508"},"modified":"2023-10-31T23:37:41","modified_gmt":"2023-11-01T05:37:41","slug":"defiende-pri-designacion-del-gobernador-interino-por-el-congreso","status":"publish","type":"post","link":"https:\/\/diariodigitalmx.com\/index.php\/2023\/10\/31\/defiende-pri-designacion-del-gobernador-interino-por-el-congreso\/","title":{"rendered":"Defiende PRI designaci\u00f3n del Gobernador interino por el Congreso"},"content":{"rendered":"\n<p><br>El Congreso del Estado de Nuevo Le\u00f3n actu\u00f3 conforme a derecho y con base a la Constituci\u00f3n en la designaci\u00f3n de Arturo Salinas Garza como Gobernador Interino afirm\u00f3 el Diputado local del PRI, Javier Caballero.<\/p>\n\n\n\n<p>A nombre de la bancada tricolor en el Congreso local, defendi\u00f3 el trabajo legislativo y realiz\u00f3 un llamado para dejar desinformar a la poblaci\u00f3n.<\/p>\n\n\n\n<p>\u201cBasta de desinformar al pueblo de Nuevo Le\u00f3n, de decirle mentiras, esto no es una guerra de vencidas; estamos hablando de un estado de derecho; estamos hablando de una situaci\u00f3n jur\u00eddica; estamos hablando que, de acuerdo a la Constituci\u00f3n de Nuevo Le\u00f3n, a quien le corresponde nombrar a un sustituto en caso de que el Gobernador se vaya por m\u00e1s de seis meses, est\u00e1 muy claro que le toca al Congreso, el Congreso hizo su procedimiento y habr\u00e1 que esperar qu\u00e9 sucede en los tribunales durante todos estos d\u00edas\u201d, expuso.<\/p>\n\n\n\n<p>\u201cSimplemente (los jueces) nos dan la raz\u00f3n de que el Congreso tiene toda la facultad para nombrar al Gobernador interino o al Gobernador sustituto durante estos seis meses\u201d, enfatiz\u00f3.<\/p>\n\n\n\n<p>El Diputado pri\u00edsta lament\u00f3 que todos los procesos legislativos en los que no est\u00e1 de acuerdo el Ejecutivo Estatal se judicialicen.<\/p>\n\n\n\n<p>\u201cMe parece bastante inmaduro y bastante irresponsable hablar de situaciones que no han sucedido, es decir, tenemos todav\u00eda hasta diciembre para que el interino asuma, si es que el Gobernador decide irse a su aventura a la Presidencia de la Rep\u00fablica, que tampoco es un hecho que tenemos consumado\u201d, advirti\u00f3 Caballero.<\/p>\n\n\n\n<p>\u201cFaltan muchas etapas y recursos legales en torno esta situaci\u00f3n lamentable y qu\u00e9 triste que se tenga que judicializar un tema que viene en nuestra Constituci\u00f3n, viene enmarcado que al Congreso le tocar\u00e1 designar en este tipo de procesos\u201d, apunt\u00f3.<\/p>\n","protected":false},"excerpt":{"rendered":"<p>El Congreso del Estado de Nuevo Le\u00f3n actu\u00f3 conforme a derecho y con base a la Constituci\u00f3n en la designaci\u00f3n de Arturo Salinas Garza como Gobernador Interino afirm\u00f3 el Diputado local del PRI, Javier Caballero. A nombre de la bancada tricolor en el Congreso local, defendi\u00f3 el trabajo legislativo y realiz\u00f3 un llamado para dejar [&hellip;]<\/p>\n","protected":false},"author":1,"featured_media":108511,"comment_status":"open","ping_status":"open","sticky":true,"template":"","format":"standard","meta":{"footnotes":""},"categories":[6,5],"tags":[],"_links":{"self":[{"href":"https:\/\/diariodigitalmx.com\/index.php\/wp-json\/wp\/v2\/posts\/108508"}],"collection":[{"href":"https:\/\/diariodigitalmx.com\/index.php\/wp-json\/wp\/v2\/posts"}],"about":[{"href":"https:\/\/diariodigitalmx.com\/index.php\/wp-json\/wp\/v2\/types\/post"}],"author":[{"embeddable":true,"href":"https:\/\/diariodigitalmx.com\/index.php\/wp-json\/wp\/v2\/users\/1"}],"replies":[{"embeddable":true,"href":"https:\/\/diariodigitalmx.com\/index.php\/wp-json\/wp\/v2\/comments?post=108508"}],"version-history":[{"count":2,"href":"https:\/\/diariodigitalmx.com\/index.php\/wp-json\/wp\/v2\/posts\/108508\/revisions"}],"predecessor-version":[{"id":108510,"href":"https:\/\/diariodigitalmx.com\/index.php\/wp-json\/wp\/v2\/posts\/108508\/revisions\/108510"}],"wp:featuredmedia":[{"embeddable":true,"href":"https:\/\/diariodigitalmx.com\/index.php\/wp-json\/wp\/v2\/media\/108511"}],"wp:attachment":[{"href":"https:\/\/diariodigitalmx.com\/index.php\/wp-json\/wp\/v2\/media?parent=108508"}],"wp:term":[{"taxonomy":"category","embeddable":true,"href":"https:\/\/diariodigitalmx.com\/index.php\/wp-json\/wp\/v2\/categories?post=108508"},{"taxonomy":"post_tag","embeddable":true,"href":"https:\/\/diariodigitalmx.com\/index.php\/wp-json\/wp\/v2\/tags?post=108508"}],"curies":[{"name":"wp","href":"https:\/\/api.w.org\/{rel}","templated":true}]}}