{"id":108535,"date":"2023-11-01T17:10:32","date_gmt":"2023-11-01T23:10:32","guid":{"rendered":"http:\/\/diariodigitalmx.com\/?p=108535"},"modified":"2023-11-01T17:11:08","modified_gmt":"2023-11-01T23:11:08","slug":"el-12-de-noviembre-se-va-samuel-garcia-la-licencia-otorgada-es-desde-el-2-de-diciembre-otro-enredo-mas-en-nl","status":"publish","type":"post","link":"https:\/\/diariodigitalmx.com\/index.php\/2023\/11\/01\/el-12-de-noviembre-se-va-samuel-garcia-la-licencia-otorgada-es-desde-el-2-de-diciembre-otro-enredo-mas-en-nl\/","title":{"rendered":"El 12 de noviembre se va Samuel Garc\u00eda, la licencia otorgada es desde el 2 de diciembre; otro enredo m\u00e1s en NL"},"content":{"rendered":"\n<p>Monterrey . &#8211; Samuel Garc\u00eda dejar\u00e1 el cargo de gobernador de Nuevo Le\u00f3n para buscar la candidatura a la presidencia de la Rep\u00fablica por Movimiento Ciudadano el pr\u00f3ximo 12 de noviembre, inform\u00f3 el secretario general de Gobierno, Javier Navarro.<\/p>\n\n\n\n<p>Sin embargo, el gobierno no sabe a\u00fan la estrategia de esa partida, ya que la licencia otorgada es a partir del 2 de diciembre, aunque podr\u00eda vetar el acuerdo del Congreso y buscar otro esquema.<\/p>\n\n\n\n<p>&#8220;Es oficial, se va el gobernador a una campa\u00f1a para la Presidencia de la Rep\u00fablica, debe de estarlo haciendo ya el d\u00eda 12 de noviembre. Se va el 12 de noviembre para la campa\u00f1a&#8221;, anunci\u00f3.<\/p>\n\n\n\n<p>De acuerdo al funcionario estatal desde ese d\u00eda el se har\u00e1 cargo de la gubernatura como encargado del Despacho.<\/p>\n\n\n\n<p>Interrogado si se ir\u00e1 con ir\u00e1 licencia previa a los seis meses, ya que el Congreso Local le autoriz\u00f3 seis meses a partir del 2 de diciembre al 2 de junio de 2024.<\/p>\n\n\n\n<p>Navarro dijo sin embargo que todo eso, lo de la licencia previa, se analiza.<\/p>\n\n\n\n<p>Luego advirti\u00f3 que si se puede vetar el acuerdo del Congreso de la licencia del gobernador y el nombramiento de Arturo Salinas, como Interino, pero que s\u00ed puede vetarse, a\u00f1adi\u00f3.<\/p>\n\n\n\n<p>&#8220;S\u00ed se puede vetar, pero pues ya traemos ahorita una estrategia de car\u00e1cter legal con controversias constitucionales, juicios en el Tribunal Electoral del Poder Judicial de la Federaci\u00f3n, y dem\u00e1s otros procedimientos que ya ir\u00e1n viendo de poquito en poquito c\u00f3mo se desdoblan&#8221;, expus\u00f3.<\/p>\n\n\n\n<p>Sostuvo que ese posible veto est\u00e1 dentro de la agenda de lo que se puede hacer.<\/p>\n\n\n\n<p>El funcionario asisti\u00f3 al Congreso local a la glosa del segundo informe del gobernado Samuel Garc\u00eda.<\/p>\n","protected":false},"excerpt":{"rendered":"<p>Monterrey . &#8211; Samuel Garc\u00eda dejar\u00e1 el cargo de gobernador de Nuevo Le\u00f3n para buscar la candidatura a la presidencia de la Rep\u00fablica por Movimiento Ciudadano el pr\u00f3ximo 12 de noviembre, inform\u00f3 el secretario general de Gobierno, Javier Navarro. Sin embargo, el gobierno no sabe a\u00fan la estrategia de esa partida, ya que la licencia [&hellip;]<\/p>\n","protected":false},"author":1,"featured_media":108537,"comment_status":"open","ping_status":"open","sticky":true,"template":"","format":"standard","meta":{"footnotes":""},"categories":[6,3],"tags":[],"_links":{"self":[{"href":"https:\/\/diariodigitalmx.com\/index.php\/wp-json\/wp\/v2\/posts\/108535"}],"collection":[{"href":"https:\/\/diariodigitalmx.com\/index.php\/wp-json\/wp\/v2\/posts"}],"about":[{"href":"https:\/\/diariodigitalmx.com\/index.php\/wp-json\/wp\/v2\/types\/post"}],"author":[{"embeddable":true,"href":"https:\/\/diariodigitalmx.com\/index.php\/wp-json\/wp\/v2\/users\/1"}],"replies":[{"embeddable":true,"href":"https:\/\/diariodigitalmx.com\/index.php\/wp-json\/wp\/v2\/comments?post=108535"}],"version-history":[{"count":1,"href":"https:\/\/diariodigitalmx.com\/index.php\/wp-json\/wp\/v2\/posts\/108535\/revisions"}],"predecessor-version":[{"id":108536,"href":"https:\/\/diariodigitalmx.com\/index.php\/wp-json\/wp\/v2\/posts\/108535\/revisions\/108536"}],"wp:featuredmedia":[{"embeddable":true,"href":"https:\/\/diariodigitalmx.com\/index.php\/wp-json\/wp\/v2\/media\/108537"}],"wp:attachment":[{"href":"https:\/\/diariodigitalmx.com\/index.php\/wp-json\/wp\/v2\/media?parent=108535"}],"wp:term":[{"taxonomy":"category","embeddable":true,"href":"https:\/\/diariodigitalmx.com\/index.php\/wp-json\/wp\/v2\/categories?post=108535"},{"taxonomy":"post_tag","embeddable":true,"href":"https:\/\/diariodigitalmx.com\/index.php\/wp-json\/wp\/v2\/tags?post=108535"}],"curies":[{"name":"wp","href":"https:\/\/api.w.org\/{rel}","templated":true}]}}