{"id":108538,"date":"2023-11-01T18:25:01","date_gmt":"2023-11-02T00:25:01","guid":{"rendered":"http:\/\/diariodigitalmx.com\/?p=108538"},"modified":"2023-11-01T18:29:30","modified_gmt":"2023-11-02T00:29:30","slug":"arranca-cumbre-empresarial-ammje-2023","status":"publish","type":"post","link":"https:\/\/diariodigitalmx.com\/index.php\/2023\/11\/01\/arranca-cumbre-empresarial-ammje-2023\/","title":{"rendered":"Arranca Cumbre Empresarial AMMJE 2023"},"content":{"rendered":"\n<figure class=\"wp-block-image size-large\"><img loading=\"lazy\" decoding=\"async\" width=\"1024\" height=\"683\" src=\"http:\/\/diariodigitalmx.com\/wp-content\/uploads\/2023\/11\/image00001-1024x683.jpeg\" alt=\"\" class=\"wp-image-108542\" srcset=\"https:\/\/diariodigitalmx.com\/wp-content\/uploads\/2023\/11\/image00001-1024x683.jpeg 1024w, https:\/\/diariodigitalmx.com\/wp-content\/uploads\/2023\/11\/image00001-300x200.jpeg 300w, https:\/\/diariodigitalmx.com\/wp-content\/uploads\/2023\/11\/image00001-768x512.jpeg 768w, https:\/\/diariodigitalmx.com\/wp-content\/uploads\/2023\/11\/image00001-1536x1024.jpeg 1536w, https:\/\/diariodigitalmx.com\/wp-content\/uploads\/2023\/11\/image00001-2048x1365.jpeg 2048w\" sizes=\"(max-width: 1024px) 100vw, 1024px\" \/><\/figure>\n\n\n\n<p>MONTERREY, NL.- Se inaugur\u00f3 la Cumbre Empresarial Ammje 2023 \u201cBIT-LEADERS: Donde el futuro se hace presente\u201d, encuentro que re\u00fane a m\u00e1s de 100 expositores y contar\u00e1 con conferencias magistrales impartidas por expertos de reconocida trayectoria, talleres, paneles, Sprint Talk y Bootcamp.<\/p>\n\n\n\n<p>Al tomar protesta al Consejo Directivo Nacional 2023-2026, el Secretario General de Gobierno, Javier Navarro Velasco, destac\u00f3 que el Gobierno del Estado se distingue porque reconocer el empe\u00f1o de las mujeres en todos los rubros que se desempe\u00f1an.<\/p>\n\n\n\n<p>El acto inaugural estuvo a cargo de la Secretaria de Igualdad e Inclusi\u00f3n, Martha Herrera, quien destac\u00f3 que este Cumbre 2023 renueva el compromiso con el desarrollo inclusivo, la igualdad de g\u00e9nero y la justicia social.<\/p>\n\n\n\n<figure class=\"wp-block-image size-large\"><img loading=\"lazy\" decoding=\"async\" width=\"1024\" height=\"683\" src=\"http:\/\/diariodigitalmx.com\/wp-content\/uploads\/2023\/11\/image00011-1024x683.jpeg\" alt=\"\" class=\"wp-image-108545\" srcset=\"https:\/\/diariodigitalmx.com\/wp-content\/uploads\/2023\/11\/image00011-1024x683.jpeg 1024w, https:\/\/diariodigitalmx.com\/wp-content\/uploads\/2023\/11\/image00011-300x200.jpeg 300w, https:\/\/diariodigitalmx.com\/wp-content\/uploads\/2023\/11\/image00011-768x512.jpeg 768w, https:\/\/diariodigitalmx.com\/wp-content\/uploads\/2023\/11\/image00011-1536x1024.jpeg 1536w, https:\/\/diariodigitalmx.com\/wp-content\/uploads\/2023\/11\/image00011-2048x1365.jpeg 2048w\" sizes=\"(max-width: 1024px) 100vw, 1024px\" \/><\/figure>\n\n\n\n<p>\u201cEl espacio en el que hoy nos encontramos es el lugar indicado para conversar y para dar respuesta a los grandes desaf\u00edos que aportamos las mujeres, nuestras sociedades y democracias. Resulta fundamental que cada una de nosotras, desde nuestras propias trincheras, tejamos hilos de sororidad, promovamos liderazgos, propiciemos pol\u00edticas inclusivas con perspectiva de g\u00e9nero y mediante herramientas tan importantes como es la tecnolog\u00eda logremos romper con estos nudos y brechas a las que constantemente nos encontramos\u201d, dijo.<\/p>\n\n\n\n<p>La presidenta nacional de AMMJE, Sonia Garza Gonz\u00e1lez, detall\u00f3 que esta cumbre promover\u00e1 el aprendizaje renovado y el liderazgo de las mujeres en la era digital.<\/p>\n\n\n\n<figure class=\"wp-block-image size-large\"><img loading=\"lazy\" decoding=\"async\" width=\"1024\" height=\"683\" src=\"http:\/\/diariodigitalmx.com\/wp-content\/uploads\/2023\/11\/image00007-1024x683.jpeg\" alt=\"\" class=\"wp-image-108548\" srcset=\"https:\/\/diariodigitalmx.com\/wp-content\/uploads\/2023\/11\/image00007-1024x683.jpeg 1024w, https:\/\/diariodigitalmx.com\/wp-content\/uploads\/2023\/11\/image00007-300x200.jpeg 300w, https:\/\/diariodigitalmx.com\/wp-content\/uploads\/2023\/11\/image00007-768x512.jpeg 768w, https:\/\/diariodigitalmx.com\/wp-content\/uploads\/2023\/11\/image00007-1536x1024.jpeg 1536w, https:\/\/diariodigitalmx.com\/wp-content\/uploads\/2023\/11\/image00007-2048x1365.jpeg 2048w\" sizes=\"(max-width: 1024px) 100vw, 1024px\" \/><\/figure>\n\n\n\n<p>\u201cAmmje 2023 \u201cBIT-LEADERS se dise\u00f1\u00f3 como una plataforma formativa para abordar temas inherentes a la imperante necesidad de transformaci\u00f3n de los negocios en la era digital. La inauguraci\u00f3n de esta cumbre tiene un profundo significativo para las nueva generaciones, marcar una agenda crucial que requiere acci\u00f3n, unidad y decisiones audaces\u201d, puntualiz\u00f3.<\/p>\n\n\n\n<figure class=\"wp-block-image size-large\"><img loading=\"lazy\" decoding=\"async\" width=\"1024\" height=\"683\" src=\"http:\/\/diariodigitalmx.com\/wp-content\/uploads\/2023\/11\/image00005-1024x683.jpeg\" alt=\"\" class=\"wp-image-108551\" srcset=\"https:\/\/diariodigitalmx.com\/wp-content\/uploads\/2023\/11\/image00005-1024x683.jpeg 1024w, https:\/\/diariodigitalmx.com\/wp-content\/uploads\/2023\/11\/image00005-300x200.jpeg 300w, https:\/\/diariodigitalmx.com\/wp-content\/uploads\/2023\/11\/image00005-768x512.jpeg 768w, https:\/\/diariodigitalmx.com\/wp-content\/uploads\/2023\/11\/image00005-1536x1024.jpeg 1536w, https:\/\/diariodigitalmx.com\/wp-content\/uploads\/2023\/11\/image00005-2048x1365.jpeg 2048w\" sizes=\"(max-width: 1024px) 100vw, 1024px\" \/><\/figure>\n\n\n\n<p>La Cumbre contar\u00e1 con int\u00e9rprete de lengua de se\u00f1as y de lengua ind\u00edgena y estar\u00e1 abierta a todo el p\u00fablico, para mayor informaci\u00f3n se puede visitar la p\u00e1gina https:\/\/bit-leaders.com\/.<\/p>\n","protected":false},"excerpt":{"rendered":"<p>MONTERREY, NL.- Se inaugur\u00f3 la Cumbre Empresarial Ammje 2023 \u201cBIT-LEADERS: Donde el futuro se hace presente\u201d, encuentro que re\u00fane a m\u00e1s de 100 expositores y contar\u00e1 con conferencias magistrales impartidas por expertos de reconocida trayectoria, talleres, paneles, Sprint Talk y Bootcamp. Al tomar protesta al Consejo Directivo Nacional 2023-2026, el Secretario General de Gobierno, Javier [&hellip;]<\/p>\n","protected":false},"author":1,"featured_media":108540,"comment_status":"open","ping_status":"open","sticky":true,"template":"","format":"standard","meta":{"footnotes":""},"categories":[14,10],"tags":[],"_links":{"self":[{"href":"https:\/\/diariodigitalmx.com\/index.php\/wp-json\/wp\/v2\/posts\/108538"}],"collection":[{"href":"https:\/\/diariodigitalmx.com\/index.php\/wp-json\/wp\/v2\/posts"}],"about":[{"href":"https:\/\/diariodigitalmx.com\/index.php\/wp-json\/wp\/v2\/types\/post"}],"author":[{"embeddable":true,"href":"https:\/\/diariodigitalmx.com\/index.php\/wp-json\/wp\/v2\/users\/1"}],"replies":[{"embeddable":true,"href":"https:\/\/diariodigitalmx.com\/index.php\/wp-json\/wp\/v2\/comments?post=108538"}],"version-history":[{"count":6,"href":"https:\/\/diariodigitalmx.com\/index.php\/wp-json\/wp\/v2\/posts\/108538\/revisions"}],"predecessor-version":[{"id":108552,"href":"https:\/\/diariodigitalmx.com\/index.php\/wp-json\/wp\/v2\/posts\/108538\/revisions\/108552"}],"wp:featuredmedia":[{"embeddable":true,"href":"https:\/\/diariodigitalmx.com\/index.php\/wp-json\/wp\/v2\/media\/108540"}],"wp:attachment":[{"href":"https:\/\/diariodigitalmx.com\/index.php\/wp-json\/wp\/v2\/media?parent=108538"}],"wp:term":[{"taxonomy":"category","embeddable":true,"href":"https:\/\/diariodigitalmx.com\/index.php\/wp-json\/wp\/v2\/categories?post=108538"},{"taxonomy":"post_tag","embeddable":true,"href":"https:\/\/diariodigitalmx.com\/index.php\/wp-json\/wp\/v2\/tags?post=108538"}],"curies":[{"name":"wp","href":"https:\/\/api.w.org\/{rel}","templated":true}]}}